{"id":263780,"date":"2026-08-29T15:26:10","date_gmt":"2026-08-29T15:26:10","guid":{"rendered":"https:\/\/www.europesays.com\/ee\/263780\/"},"modified":"2026-08-29T15:26:10","modified_gmt":"2026-08-29T15:26:10","slug":"nigeri-hunta-teatas-kontrolli-jarkjargulisest-taastamisest","status":"publish","type":"post","link":"https:\/\/www.europesays.com\/ee\/263780\/","title":{"rendered":"Nigeri hunta teatas kontrolli j\u00e4rkj\u00e4rgulisest taastamisest"},"content":{"rendered":"<p>Nigeri s\u00f5jav\u00e4ehunta teatas laup\u00e4eval, et on taastamas j\u00e4rk-j\u00e4rgult kontrolli p\u00e4rast seda, kui m\u00e4ssulised s\u00f5durid r\u00fcndasid strateegilisi paikasid pealinna Niamey \u00fcmbruses ja p\u00fc\u00fcdsid tungida presidendipaleesse.<\/p>\n<p>Niamey mitmes piirkonnas oli \u00f6\u00f6sel kuulda tugevat tulistamist, eriti presidendipalee ja lennujaama \u00fcmbruses, kus asub ka oluline lennuv\u00e4ebaas.<\/p>\n","protected":false},"excerpt":{"rendered":"Nigeri s\u00f5jav\u00e4ehunta teatas laup\u00e4eval, et on taastamas j\u00e4rk-j\u00e4rgult kontrolli p\u00e4rast seda, kui m\u00e4ssulised s\u00f5durid r\u00fcndasid strateegilisi paikasid pealinna&hellip;\n","protected":false},"author":2,"featured_media":263781,"comment_status":"","ping_status":"","sticky":false,"template":"","format":"standard","meta":{"footnotes":"","_share_on_mastodon":"0"},"categories":[80],"tags":[102247,102256,26,27,10930,102251,102252,37,33,35,34,36,31,32,21,102250,102249,28,29,95,13214,19,102255,102246,13215,102245,25,102253,102248,102257,102243,102244,23,24,22,102254,20,102258,30,92,93,94],"class_list":["post-263780","post","type-post","status-publish","format-standard","has-post-thumbnail","category-maailm","tag-101-ohuvaebaas","tag-abdourahamane-tiani","tag-breaking-news","tag-breakingnews","tag-burkina-faso","tag-dzihadism-sahelis","tag-ecowas-ist-lahkumine","tag-ee","tag-eesti","tag-eesti-keel","tag-estonia","tag-estonian","tag-featured-news","tag-featurednews","tag-headlines","tag-islami-ja-moslemite-toetusgrupp-jnim","tag-islamiriik-sahelis-eis","tag-latest-news","tag-latestnews","tag-maailm","tag-mali","tag-news","tag-niamey","tag-niamey-rahvusvaheline-lennujaam","tag-niger","tag-nigeri-kaitseministeerium","tag-populaarseimad-lood","tag-prantsusmaa-nigeri-suhted","tag-saheli-riikide-allianss","tag-salifou-mody","tag-sojavaehunta","tag-sojavaeline-riigipoore-2023-nigeris","tag-top-stories","tag-topstories","tag-uldised-uudised","tag-uraanikontsentraat","tag-uudised","tag-venemaa-aafrika-korpus","tag-viimased-uudised","tag-world","tag-world-news","tag-worldnews"],"share_on_mastodon":{"url":"","error":"Validation failed: Text character limit of 500 exceeded"},"_links":{"self":[{"href":"https:\/\/www.europesays.com\/ee\/wp-json\/wp\/v2\/posts\/263780","targetHints":{"allow":["GET"]}}],"collection":[{"href":"https:\/\/www.europesays.com\/ee\/wp-json\/wp\/v2\/posts"}],"about":[{"href":"https:\/\/www.europesays.com\/ee\/wp-json\/wp\/v2\/types\/post"}],"author":[{"embeddable":true,"href":"https:\/\/www.europesays.com\/ee\/wp-json\/wp\/v2\/users\/2"}],"replies":[{"embeddable":true,"href":"https:\/\/www.europesays.com\/ee\/wp-json\/wp\/v2\/comments?post=263780"}],"version-history":[{"count":0,"href":"https:\/\/www.europesays.com\/ee\/wp-json\/wp\/v2\/posts\/263780\/revisions"}],"wp:featuredmedia":[{"embeddable":true,"href":"https:\/\/www.europesays.com\/ee\/wp-json\/wp\/v2\/media\/263781"}],"wp:attachment":[{"href":"https:\/\/www.europesays.com\/ee\/wp-json\/wp\/v2\/media?parent=263780"}],"wp:term":[{"taxonomy":"category","embeddable":true,"href":"https:\/\/www.europesays.com\/ee\/wp-json\/wp\/v2\/categories?post=263780"},{"taxonomy":"post_tag","embeddable":true,"href":"https:\/\/www.europesays.com\/ee\/wp-json\/wp\/v2\/tags?post=263780"}],"curies":[{"name":"wp","href":"https:\/\/api.w.org\/{rel}","templated":true}]}}