{"id":263788,"date":"2026-08-29T15:37:20","date_gmt":"2026-08-29T15:37:20","guid":{"rendered":"https:\/\/www.europesays.com\/ee\/263788\/"},"modified":"2026-08-29T15:37:20","modified_gmt":"2026-08-29T15:37:20","slug":"rainer-saks-%e2%9f%a9-ukrainlased-tabasid-vene-strateegilist-pommitajat-3","status":"publish","type":"post","link":"https:\/\/www.europesays.com\/ee\/263788\/","title":{"rendered":"RAINER SAKS \u27e9 Ukrainlased tabasid Vene strateegilist pommitajat"},"content":{"rendered":"<p>M\u00e4letatavasti teatas Ukraina president m\u00f5ned n\u00e4dalad tagasi lakooniliselt, et koost\u00f6\u00f6s USAga on v\u00e4lja t\u00f6\u00f6tatud uued ettepanekud s\u00f5jategevuse peatamiseks, kuid ei avaldanud nende ettepanekute kohta mitte mingisugust infot. USA presidendi eriesindajate lubatud visiit Kiievisse on k\u00fcll \u00e4ra j\u00e4\u00e4nud, aga sellel visiidil ei oleks lihtsalt niisama ka mitte mingisugust t\u00e4hendust. Seni kuni Ukraina ja USA uutest ettepanekutest avalikult ei r\u00e4\u00e4gi, on mingisugune v\u00f5imalus, et kunagi edaspidi toimuvad ka t\u00f5sisemad k\u00f5nelused s\u00f5jategevuse l\u00f5petamiseks. Venemaal oleks vajalik kehtestada vaherahu v\u00e4hemalt nendeks kolmeks p\u00e4evaks, kui toimuvad riigiduuma valimised, mis avab teatud v\u00f5imalused k\u00f5nelusteks, kui Venemaad suudetakse samal ajal tugevasti s\u00f5jaliselt survestada. Venemaa president n\u00e4ib olevat veendunud, et sellel talvel suudab Vene armee \u00f5hur\u00fcnnakute toel nii t\u00f5siselt kahjustada Ukraina tsiviiltaristut, et Ukraina on sunnitud tegema t\u00f5siseid j\u00e4releandmisi.<\/p>\n","protected":false},"excerpt":{"rendered":"M\u00e4letatavasti teatas Ukraina president m\u00f5ned n\u00e4dalad tagasi lakooniliselt, et koost\u00f6\u00f6s USAga on v\u00e4lja t\u00f6\u00f6tatud uued ettepanekud s\u00f5jategevuse peatamiseks,&hellip;\n","protected":false},"author":2,"featured_media":263789,"comment_status":"","ping_status":"","sticky":false,"template":"","format":"standard","meta":{"footnotes":"","_share_on_mastodon":"0"},"categories":[80],"tags":[587,26,27,37,33,35,102262,34,36,31,32,21,1208,28,29,95,108,2053,19,1059,25,6989,23,24,102263,262,24171,22,102261,20,1931,96,30,92,93,94],"class_list":["post-263788","post","type-post","status-publish","format-standard","has-post-thumbnail","category-maailm","tag-ameerika-uhendriigid","tag-breaking-news","tag-breakingnews","tag-ee","tag-eesti","tag-eesti-keel","tag-engles-2","tag-estonia","tag-estonian","tag-featured-news","tag-featurednews","tag-headlines","tag-kiiev","tag-latest-news","tag-latestnews","tag-maailm","tag-moskva","tag-new-york-times","tag-news","tag-parempoolsed","tag-populaarseimad-lood","tag-rainer-saks","tag-top-stories","tag-topstories","tag-tu-95mc","tag-ukraina","tag-ukraina-president","tag-uldised-uudised","tag-usa-luurekeskagentuur","tag-uudised","tag-vene-armee","tag-venemaa","tag-viimased-uudised","tag-world","tag-world-news","tag-worldnews"],"share_on_mastodon":{"url":"","error":"Validation failed: Text character limit of 500 exceeded"},"_links":{"self":[{"href":"https:\/\/www.europesays.com\/ee\/wp-json\/wp\/v2\/posts\/263788","targetHints":{"allow":["GET"]}}],"collection":[{"href":"https:\/\/www.europesays.com\/ee\/wp-json\/wp\/v2\/posts"}],"about":[{"href":"https:\/\/www.europesays.com\/ee\/wp-json\/wp\/v2\/types\/post"}],"author":[{"embeddable":true,"href":"https:\/\/www.europesays.com\/ee\/wp-json\/wp\/v2\/users\/2"}],"replies":[{"embeddable":true,"href":"https:\/\/www.europesays.com\/ee\/wp-json\/wp\/v2\/comments?post=263788"}],"version-history":[{"count":0,"href":"https:\/\/www.europesays.com\/ee\/wp-json\/wp\/v2\/posts\/263788\/revisions"}],"wp:featuredmedia":[{"embeddable":true,"href":"https:\/\/www.europesays.com\/ee\/wp-json\/wp\/v2\/media\/263789"}],"wp:attachment":[{"href":"https:\/\/www.europesays.com\/ee\/wp-json\/wp\/v2\/media?parent=263788"}],"wp:term":[{"taxonomy":"category","embeddable":true,"href":"https:\/\/www.europesays.com\/ee\/wp-json\/wp\/v2\/categories?post=263788"},{"taxonomy":"post_tag","embeddable":true,"href":"https:\/\/www.europesays.com\/ee\/wp-json\/wp\/v2\/tags?post=263788"}],"curies":[{"name":"wp","href":"https:\/\/api.w.org\/{rel}","templated":true}]}}