{"id":263798,"date":"2026-08-29T15:57:13","date_gmt":"2026-08-29T15:57:13","guid":{"rendered":"https:\/\/www.europesays.com\/ee\/263798\/"},"modified":"2026-08-29T15:57:13","modified_gmt":"2026-08-29T15:57:13","slug":"kanada-hokitaht-makar-solmis-rekordilise-lepingu","status":"publish","type":"post","link":"https:\/\/www.europesays.com\/ee\/263798\/","title":{"rendered":"Kanada hokit\u00e4ht Makar s\u00f5lmis rekordilise lepingu"},"content":{"rendered":"<p>27-aastane Makar allkirjastas koduklubiga kaheksa hooaja pikkuse lepingu, mille koguv\u00e4\u00e4rtus on 163,2 miljonit dollarit ehk 20,4 miljonit aasta kohta. <\/p>\n<p>See on NHL-i ajaloo kalleim leping nii kogupalga kui ka aastapalga poolest. Makarist saab \u00fchtlasi esimene m\u00e4ngija, kes teenib terve lepingu v\u00e4ltel iga hooaja kohta \u00fcle 20 miljoni dollari. <\/p>\n<p>Eelmine rekord p\u00fcstitati t\u00e4navu juuli l\u00f5pus, kui San Jose Sharks s\u00f5lmis kanadalase Macklin Celebriniga lepingu, mille v\u00e4\u00e4rtus oli 18,8 miljonit dollarit hooaja kohta. <\/p>\n<p>Makar, kelle senine kontraht oleks l\u00f5ppenud j\u00e4rgmisel aastal, kogus eelmisel hooajal 75 p\u00f5hihooaja m\u00e4nguga kokku 79 resultatiivsuspunkti (20 v\u00e4ravat + 59 s\u00f6\u00f6tu). Colorado j\u00f5udis mullu Stanley karikal konverentsi finaali, kus j\u00e4\u00e4di alla <a rel=\"noopener nofollow\" target=\"_blank\" href=\"https:\/\/www.delfi.ee\/teema\/82042219\/vegas-golden-knights\" tag-id=\"82042219\">Vegas Golden Knightsile<\/a>. <\/p>\n<p>NHLi uus hooaeg algab 29. septembril.<\/p>\n<p>Kuidas see lugu Sind end tundma pani?Saada<a href=\"https:\/\/sport.delfi.ee\/artikkel\/120606991\/kanada-hokitaht-makar-solmis-rekordilise-lepingu\/kommentaarid\" class=\"button button--primary button--size-auto article-body-bottom__comment article-body-bottom__comment--write\" style=\"\" rel=\"nofollow noopener\" target=\"_blank\">Kommenteeri<\/a><a href=\"https:\/\/sport.delfi.ee\/artikkel\/120606991\/kanada-hokitaht-makar-solmis-rekordilise-lepingu\/kommentaarid\" class=\"button button--size-auto article-body-bottom__comment article-body-bottom__comment--read\" style=\"\" rel=\"nofollow noopener\" target=\"_blank\">Loe kommentaare <\/a><\/p>\n","protected":false},"excerpt":{"rendered":"27-aastane Makar allkirjastas koduklubiga kaheksa hooaja pikkuse lepingu, mille koguv\u00e4\u00e4rtus on 163,2 miljonit dollarit ehk 20,4 miljonit aasta&hellip;\n","protected":false},"author":2,"featured_media":263799,"comment_status":"","ping_status":"","sticky":false,"template":"","format":"standard","meta":{"footnotes":"","_share_on_mastodon":"0"},"categories":[18],"tags":[9334,37,33,35,34,36,6333,4936,159,158,13499],"class_list":["post-263798","post","type-post","status-publish","format-standard","has-post-thumbnail","category-sport","tag-colorado-avalanche","tag-ee","tag-eesti","tag-eesti-keel","tag-estonia","tag-estonian","tag-jaahoki","tag-nhl","tag-sport","tag-sports","tag-vegas-golden-knights"],"share_on_mastodon":{"url":"https:\/\/pubeurope.com\/@ee\/117179622533587907","error":""},"_links":{"self":[{"href":"https:\/\/www.europesays.com\/ee\/wp-json\/wp\/v2\/posts\/263798","targetHints":{"allow":["GET"]}}],"collection":[{"href":"https:\/\/www.europesays.com\/ee\/wp-json\/wp\/v2\/posts"}],"about":[{"href":"https:\/\/www.europesays.com\/ee\/wp-json\/wp\/v2\/types\/post"}],"author":[{"embeddable":true,"href":"https:\/\/www.europesays.com\/ee\/wp-json\/wp\/v2\/users\/2"}],"replies":[{"embeddable":true,"href":"https:\/\/www.europesays.com\/ee\/wp-json\/wp\/v2\/comments?post=263798"}],"version-history":[{"count":0,"href":"https:\/\/www.europesays.com\/ee\/wp-json\/wp\/v2\/posts\/263798\/revisions"}],"wp:featuredmedia":[{"embeddable":true,"href":"https:\/\/www.europesays.com\/ee\/wp-json\/wp\/v2\/media\/263799"}],"wp:attachment":[{"href":"https:\/\/www.europesays.com\/ee\/wp-json\/wp\/v2\/media?parent=263798"}],"wp:term":[{"taxonomy":"category","embeddable":true,"href":"https:\/\/www.europesays.com\/ee\/wp-json\/wp\/v2\/categories?post=263798"},{"taxonomy":"post_tag","embeddable":true,"href":"https:\/\/www.europesays.com\/ee\/wp-json\/wp\/v2\/tags?post=263798"}],"curies":[{"name":"wp","href":"https:\/\/api.w.org\/{rel}","templated":true}]}}