{"id":263802,"date":"2026-08-29T16:08:13","date_gmt":"2026-08-29T16:08:13","guid":{"rendered":"https:\/\/www.europesays.com\/ee\/263802\/"},"modified":"2026-08-29T16:08:13","modified_gmt":"2026-08-29T16:08:13","slug":"video-wrc2-s-korges-mangus-pusinud-romet-jurgenson-langes-avariiga-konkurentsist","status":"publish","type":"post","link":"https:\/\/www.europesays.com\/ee\/263802\/","title":{"rendered":"VIDEO | WRC2-s k\u00f5rges m\u00e4ngus p\u00fcsinud Romet J\u00fcrgenson langes avariiga konkurentsist"},"content":{"rendered":"<p>Paar kilomeetrit enne Hohenau (19,4 km) katse fini\u0161it vajus M-Sporti s\u00f5itja Ford Fiesta Rally2-ga s\u00f5idujoonest v\u00e4lja ning tabas tee\u00e4\u00e4rset k\u00fcngast. Seej\u00e4rel tegi masin mitu piruetti, millega sai auto omajagu kannatada.<\/p>\n<p>Kaardilugeja <a rel=\"noopener nofollow\" target=\"_blank\" href=\"https:\/\/www.delfi.ee\/teema\/96861838\/siim-oja\" tag-id=\"96861838\">Siim Oja<\/a> oli peagi autost v\u00e4ljas ning andis m\u00f5ista, et tema ja J\u00fcrgensoniga on k\u00f5ik korras. P\u00e4ev tundub suure t\u00f5en\u00e4osusega eestlaste jaoks l\u00e4bi olevat.<\/p>\n<p>Samas kohas oli veidi varem moment ka ralli liidril <a rel=\"noopener nofollow\" target=\"_blank\" href=\"https:\/\/www.delfi.ee\/teema\/96848438\/sami-pajari\" tag-id=\"96848438\">Sami Pajaril<\/a>, kes p\u00e4\u00e4ses olukorrast ehmatusega.<\/p>\n<p>J\u00fcrgensoni avarii t\u00e4hendab, et m\u00f5lemad Paraguays s\u00f5itvad eestlased &#8211; tema ja <a rel=\"noopener nofollow\" target=\"_blank\" href=\"https:\/\/www.delfi.ee\/teema\/85100781\/robert-virves\" tag-id=\"85100781\">Robert Virves<\/a> &#8211; on WRC2-s suurest m\u00e4ngust v\u00e4ljas. Virves tegi ralli esimesel katsel avarii, millega ta kaotas konkurentidele ligi tunni. Eestlane j\u00e4tkab v\u00f5istlust, aga puhta s\u00f5iduga k\u00f5rget kohta enam p\u00fc\u00fcda pole.<\/p>\n<p>Kuidas see lugu Sind end tundma pani?Saada<a href=\"https:\/\/sport.delfi.ee\/artikkel\/120606985\/video-wrc2-s-korges-mangus-pusinud-romet-jurgenson-langes-avariiga-konkurentsist\/kommentaarid\" class=\"button button--primary button--size-auto article-body-bottom__comment article-body-bottom__comment--write\" style=\"\" rel=\"nofollow noopener\" target=\"_blank\">Kommenteeri<\/a><a href=\"https:\/\/sport.delfi.ee\/artikkel\/120606985\/video-wrc2-s-korges-mangus-pusinud-romet-jurgenson-langes-avariiga-konkurentsist\/kommentaarid\" class=\"button button--size-auto article-body-bottom__comment article-body-bottom__comment--read\" style=\"\" rel=\"nofollow noopener\" target=\"_blank\">Loe kommentaare <\/a><\/p>\n","protected":false},"excerpt":{"rendered":"Paar kilomeetrit enne Hohenau (19,4 km) katse fini\u0161it vajus M-Sporti s\u00f5itja Ford Fiesta Rally2-ga s\u00f5idujoonest v\u00e4lja ning tabas&hellip;\n","protected":false},"author":2,"featured_media":263803,"comment_status":"","ping_status":"","sticky":false,"template":"","format":"standard","meta":{"footnotes":"","_share_on_mastodon":"0"},"categories":[18],"tags":[37,33,35,34,36,3016,3015,6863,3014,159,158],"class_list":["post-263802","post","type-post","status-publish","format-standard","has-post-thumbnail","category-sport","tag-ee","tag-eesti","tag-eesti-keel","tag-estonia","tag-estonian","tag-robert-virves","tag-romet-jurgenson","tag-sami-pajari","tag-siim-oja","tag-sport","tag-sports"],"share_on_mastodon":{"url":"https:\/\/pubeurope.com\/@ee\/117179665805294848","error":""},"_links":{"self":[{"href":"https:\/\/www.europesays.com\/ee\/wp-json\/wp\/v2\/posts\/263802","targetHints":{"allow":["GET"]}}],"collection":[{"href":"https:\/\/www.europesays.com\/ee\/wp-json\/wp\/v2\/posts"}],"about":[{"href":"https:\/\/www.europesays.com\/ee\/wp-json\/wp\/v2\/types\/post"}],"author":[{"embeddable":true,"href":"https:\/\/www.europesays.com\/ee\/wp-json\/wp\/v2\/users\/2"}],"replies":[{"embeddable":true,"href":"https:\/\/www.europesays.com\/ee\/wp-json\/wp\/v2\/comments?post=263802"}],"version-history":[{"count":0,"href":"https:\/\/www.europesays.com\/ee\/wp-json\/wp\/v2\/posts\/263802\/revisions"}],"wp:featuredmedia":[{"embeddable":true,"href":"https:\/\/www.europesays.com\/ee\/wp-json\/wp\/v2\/media\/263803"}],"wp:attachment":[{"href":"https:\/\/www.europesays.com\/ee\/wp-json\/wp\/v2\/media?parent=263802"}],"wp:term":[{"taxonomy":"category","embeddable":true,"href":"https:\/\/www.europesays.com\/ee\/wp-json\/wp\/v2\/categories?post=263802"},{"taxonomy":"post_tag","embeddable":true,"href":"https:\/\/www.europesays.com\/ee\/wp-json\/wp\/v2\/tags?post=263802"}],"curies":[{"name":"wp","href":"https:\/\/api.w.org\/{rel}","templated":true}]}}