{"id":263818,"date":"2026-08-29T16:33:13","date_gmt":"2026-08-29T16:33:13","guid":{"rendered":"https:\/\/www.europesays.com\/ee\/263818\/"},"modified":"2026-08-29T16:33:13","modified_gmt":"2026-08-29T16:33:13","slug":"galerii-ja-video-%e2%9f%a9-vaata-kuidas-roolipiigad-suurt-sunnipaeva-tahistasid","status":"publish","type":"post","link":"https:\/\/www.europesays.com\/ee\/263818\/","title":{"rendered":"GALERII JA VIDEO \u27e9 Vaata, kuidas Roolipiigad suurt s\u00fcnnip\u00e4eva t\u00e4histasid"},"content":{"rendered":"<p>Laup\u00e4eval, 29. augustil t\u00e4histas Saaremaa naistraktoristide ja -autojuhtide \u00fchendus Roolipiigad Tiirimetsa koolis oma 30. tegutsemisaastat.<\/p>\n<p>1996. aastal loodud staa\u017eikate naismehhanisaatorite seltsing k\u00e4ib siiani aktiivselt koos, t\u00e4histavad s\u00fcnnip\u00e4evi ja korraldavad ekskursioone \u00fcle Eesti. Roolipiigade tegevust on algusest peale vedanud Juuli Pihl.<\/p>\n","protected":false},"excerpt":{"rendered":"Laup\u00e4eval, 29. augustil t\u00e4histas Saaremaa naistraktoristide ja -autojuhtide \u00fchendus Roolipiigad Tiirimetsa koolis oma 30. tegutsemisaastat. 1996. aastal loodud&hellip;\n","protected":false},"author":2,"featured_media":263819,"comment_status":"","ping_status":"","sticky":false,"template":"","format":"standard","meta":{"footnotes":"","_share_on_mastodon":"0"},"categories":[12],"tags":[26,27,37,33,35,102286,34,36,31,32,21,102283,28,29,102285,102284,19,25,102281,948,102282,23,24,22,20,30],"class_list":["post-263818","post","type-post","status-publish","format-standard","has-post-thumbnail","category-eesti","tag-breaking-news","tag-breakingnews","tag-ee","tag-eesti","tag-eesti-keel","tag-ekskursioonid-ule-eesti","tag-estonia","tag-estonian","tag-featured-news","tag-featurednews","tag-headlines","tag-juuli-pihl","tag-latest-news","tag-latestnews","tag-naismehhanisaatorid","tag-naistraktoristid","tag-news","tag-populaarseimad-lood","tag-roolipiigad","tag-saaremaa","tag-tiirimetsa-kool","tag-top-stories","tag-topstories","tag-uldised-uudised","tag-uudised","tag-viimased-uudised"],"share_on_mastodon":{"url":"https:\/\/pubeurope.com\/@ee\/117179764354013481","error":""},"_links":{"self":[{"href":"https:\/\/www.europesays.com\/ee\/wp-json\/wp\/v2\/posts\/263818","targetHints":{"allow":["GET"]}}],"collection":[{"href":"https:\/\/www.europesays.com\/ee\/wp-json\/wp\/v2\/posts"}],"about":[{"href":"https:\/\/www.europesays.com\/ee\/wp-json\/wp\/v2\/types\/post"}],"author":[{"embeddable":true,"href":"https:\/\/www.europesays.com\/ee\/wp-json\/wp\/v2\/users\/2"}],"replies":[{"embeddable":true,"href":"https:\/\/www.europesays.com\/ee\/wp-json\/wp\/v2\/comments?post=263818"}],"version-history":[{"count":0,"href":"https:\/\/www.europesays.com\/ee\/wp-json\/wp\/v2\/posts\/263818\/revisions"}],"wp:featuredmedia":[{"embeddable":true,"href":"https:\/\/www.europesays.com\/ee\/wp-json\/wp\/v2\/media\/263819"}],"wp:attachment":[{"href":"https:\/\/www.europesays.com\/ee\/wp-json\/wp\/v2\/media?parent=263818"}],"wp:term":[{"taxonomy":"category","embeddable":true,"href":"https:\/\/www.europesays.com\/ee\/wp-json\/wp\/v2\/categories?post=263818"},{"taxonomy":"post_tag","embeddable":true,"href":"https:\/\/www.europesays.com\/ee\/wp-json\/wp\/v2\/tags?post=263818"}],"curies":[{"name":"wp","href":"https:\/\/api.w.org\/{rel}","templated":true}]}}