{"id":263820,"date":"2026-08-29T16:41:13","date_gmt":"2026-08-29T16:41:13","guid":{"rendered":"https:\/\/www.europesays.com\/ee\/263820\/"},"modified":"2026-08-29T16:41:13","modified_gmt":"2026-08-29T16:41:13","slug":"tallinna-maraton-tombas-eesti-maastikurattasarja-hooajale-joone-alla","status":"publish","type":"post","link":"https:\/\/www.europesays.com\/ee\/263820\/","title":{"rendered":"Tallinna maraton t\u00f5mbas Eesti maastikurattasarja hooajale joone alla"},"content":{"rendered":"<p>Kokku osales Aegviidus startinud v\u00f5istluss\u00f5itudes ligi 700 ratturit, lisaks toimusid ka ajav\u00f5tuta lastes\u00f5idud erinevas vanuses mudilastele. <\/p>\n<p>T\u00e4na s\u00fcdap\u00e4eval startinud 47 km pikkuse p\u00f5his\u00f5idu raja kiires algusosas p\u00fcsis 12-liikmeline juhtgrupp koos. Pukim\u00e4el pandi gaasi juurde ning kahekesi said eest \u00e4ra sarja liider Jostem Vaidem (Fixus) ja Murla Team\u2019i esindaja Kirill Tarassov. Kolmandana l\u00e4bis vahefini\u0161i v\u00e4ikese vahega liidreid j\u00e4litav Peeter Tarvis (Veloteek), kellel \u00f5nnestus hiljem j\u00e4rele saada ning nii j\u00e4tkati kolmekesi kuni s\u00f5idu l\u00f5puni.<\/p>\n<p>L\u00f5pus n\u00e4itas oma teravust hooaja esimese v\u00f5idu saanud Tarassov, fini\u0161eerides s\u00f5idu ajaga 1:36.18, edestades senini vaid v\u00f5ite tunnistanud Vaidemit nelja sekundiga. Kolmandana j\u00f5udis p\u00e4rale Peeter Tarvis, aeg 1:36.40.<\/p>\n<p> \u201eHommikust saati tundsin, et jalg on p\u00e4ris hea, aga poleks uskunud, et suudan esimestega koos l\u00f5puni s\u00f5ita. Vahefini\u0161is saime kahekesi eest \u00e4ra, aga Josten ei tahtnud mind tasuta fini\u0161isse vedada, nii tuli Peeter Tarvis meile j\u00e4rele. Kolmekesi minnes sain ca kilomeeter enne l\u00f5ppu esimesena tehnilisele l\u00f5igule peale, sealt v\u00e4lja tulles panin punni p\u00f5hja ning \u00f5nnestus teistelt 20m eest \u00e4ra saada,\u201c oli hooaja esimese v\u00f5idu saanud Tarassov oma s\u00f5iduga rahul. <\/p>\n<p>Bosch Eesti maastikurattasarja 12. hooaja v\u00f5itis kindlalt ka kahel eelmisel hooajal triumfeerinud <a rel=\"noopener nofollow\" target=\"_blank\" href=\"https:\/\/www.delfi.ee\/teema\/71561597\/josten-vaidem\" tag-id=\"71561597\">Josten Vaidem<\/a> (hooaja jooksul viis v\u00f5itu ja \u00fcks teine koht). Hooaja kokkuv\u00f5ttes v\u00f5ttis teise koha Peeter Tarvis ning kolmanda koha s\u00f5itis v\u00e4lja Kirill Tarassov. <\/p>\n<p>Naiste seas oli enne s\u00f5itu \u00f5hus v\u00f5imalus v\u00e4\u00e4rata t\u00e4na eemaloleva Greete Steinburgi hooaja \u00fcldv\u00f5itu, selleks pidanuks tema l\u00e4himad ohustajad l\u00f5petama \u00fcldarvestuses paremal kui 50ndal kohal. Ainsana j\u00f5udis sellele koha l\u00e4hedale naiste t\u00e4nane v\u00f5itja Janelle Uibokand, l\u00f5petades s\u00f5idu 66ndal \u00fcldkohal ajaga 1:50.17. <\/p>\n<p>Teise koha s\u00f5itis ajaga 1:52.53 v\u00e4lja Triin Rast ning kolmanda koha sai t\u00e4na eelmise etapi v\u00f5itnud l\u00e4tlanna Evelina Ermane-Marcenko ajaga 1:55.03.<\/p>\n<p>\u201eMa k\u00e4isin varem rada vaatamas, kui n\u00e4dala sees oli veel korralik bassein rajal, siis t\u00e4na oli juba palju parem, m\u00f5nus ja kiire, Tallinna maratoni rada on mulle alati meeldinud. Stardist minnes sain juba teistest naistest ette ja tegin oma s\u00f5itu,\u201c r\u00e4\u00e4kis oma t\u00e4nasest v\u00f5idust Janelle Uibokand. <\/p>\n<p>Bosch Eesti maastikurattasarja hooaja kokkuv\u00f5ttes tuli naiste seas kuuendat korda (viimati aastal 2019) sarja v\u00f5itjaks Greete Steinburg. Teisena l\u00f5petas pika hooaja l\u00e4tlanna Evelina Ermane-Marcenko ning kolmandaks s\u00f5itis end t\u00e4nase tubli s\u00f5iduga Janelle Uibokand.<\/p>\n<p>17 km pikkuse poolmaratoni v\u00f5itis poistest KJK esindaja Kevin Tee\u00e4\u00e4r ajaga 36.30, t\u00fcdrukute kiireim oli Haanja Rattaklubi t\u00fcdruk Marta M\u00f5ttus (37.44). Sarja kokkuv\u00f5ttes olid poolmaratoni poiste arvestuse parim Kaarel Laansoo, kes v\u00f5itis s\u00f5idetud neljast etapist neli ning t\u00fcdrukute seas t\u00e4nane v\u00f5itja Marta M\u00f5ttus. <\/p>\n<p>Tiimiarvestuses v\u00f5idutsesid nii t\u00e4nasel etapi kui ka sarja kokkuv\u00f5ttes Murla Team ja naiste seas RedBike Naiste Team I. Poolmaratoni v\u00f5istkondlikus arvestuses olid nii poiste kui ka t\u00fcdrukute seas parimad Porter Racingu noored ratturid. <\/p>\n<p>Bosch Eesti Maastikurattasarja 13. hooaeg stardib juba j\u00e4rgmise aasta maikuus, sarjale registreerumine avaneb oktoobri l\u00f5pus.<\/p>\n<p>Kuidas see lugu Sind end tundma pani?Saada<a href=\"https:\/\/sport.delfi.ee\/artikkel\/120606996\/tallinna-maraton-tombas-eesti-maastikurattasarja-hooajale-joone-alla\/kommentaarid\" class=\"button button--primary button--size-auto article-body-bottom__comment article-body-bottom__comment--write\" style=\"\" rel=\"nofollow noopener\" target=\"_blank\">Kommenteeri<\/a><a href=\"https:\/\/sport.delfi.ee\/artikkel\/120606996\/tallinna-maraton-tombas-eesti-maastikurattasarja-hooajale-joone-alla\/kommentaarid\" class=\"button button--size-auto article-body-bottom__comment article-body-bottom__comment--read\" style=\"\" rel=\"nofollow noopener\" target=\"_blank\">Loe kommentaare <\/a><\/p>\n","protected":false},"excerpt":{"rendered":"Kokku osales Aegviidus startinud v\u00f5istluss\u00f5itudes ligi 700 ratturit, lisaks toimusid ka ajav\u00f5tuta lastes\u00f5idud erinevas vanuses mudilastele. T\u00e4na s\u00fcdap\u00e4eval&hellip;\n","protected":false},"author":2,"featured_media":263821,"comment_status":"","ping_status":"","sticky":false,"template":"","format":"standard","meta":{"footnotes":"","_share_on_mastodon":"0"},"categories":[18],"tags":[37,33,35,80421,34,36,520,1044,1043,97725,159,158],"class_list":["post-263820","post","type-post","status-publish","format-standard","has-post-thumbnail","category-sport","tag-ee","tag-eesti","tag-eesti-keel","tag-eesti-maastikurattasari","tag-estonia","tag-estonian","tag-jalgrattasport","tag-janelle-uibokand","tag-josten-vaidem","tag-kirill-tarassov","tag-sport","tag-sports"],"share_on_mastodon":{"url":"https:\/\/pubeurope.com\/@ee\/117179795561687812","error":""},"_links":{"self":[{"href":"https:\/\/www.europesays.com\/ee\/wp-json\/wp\/v2\/posts\/263820","targetHints":{"allow":["GET"]}}],"collection":[{"href":"https:\/\/www.europesays.com\/ee\/wp-json\/wp\/v2\/posts"}],"about":[{"href":"https:\/\/www.europesays.com\/ee\/wp-json\/wp\/v2\/types\/post"}],"author":[{"embeddable":true,"href":"https:\/\/www.europesays.com\/ee\/wp-json\/wp\/v2\/users\/2"}],"replies":[{"embeddable":true,"href":"https:\/\/www.europesays.com\/ee\/wp-json\/wp\/v2\/comments?post=263820"}],"version-history":[{"count":0,"href":"https:\/\/www.europesays.com\/ee\/wp-json\/wp\/v2\/posts\/263820\/revisions"}],"wp:featuredmedia":[{"embeddable":true,"href":"https:\/\/www.europesays.com\/ee\/wp-json\/wp\/v2\/media\/263821"}],"wp:attachment":[{"href":"https:\/\/www.europesays.com\/ee\/wp-json\/wp\/v2\/media?parent=263820"}],"wp:term":[{"taxonomy":"category","embeddable":true,"href":"https:\/\/www.europesays.com\/ee\/wp-json\/wp\/v2\/categories?post=263820"},{"taxonomy":"post_tag","embeddable":true,"href":"https:\/\/www.europesays.com\/ee\/wp-json\/wp\/v2\/tags?post=263820"}],"curies":[{"name":"wp","href":"https:\/\/api.w.org\/{rel}","templated":true}]}}