{"id":263826,"date":"2026-08-29T16:55:11","date_gmt":"2026-08-29T16:55:11","guid":{"rendered":"https:\/\/www.europesays.com\/ee\/263826\/"},"modified":"2026-08-29T16:55:11","modified_gmt":"2026-08-29T16:55:11","slug":"kooliaasta-algus-toob-voru-ja-polvamaa-uhistranspordis-kaasa-suuri-muutusi-eesti","status":"publish","type":"post","link":"https:\/\/www.europesays.com\/ee\/263826\/","title":{"rendered":"Kooliaasta algus toob V\u00f5ru- ja P\u00f5lvamaa \u00fchistranspordis kaasa suuri muutusi | Eesti"},"content":{"rendered":"<p>Kooliaasta algus toob V\u00f5ru- ja P\u00f5lvamaal kaasa palju \u00fchistranspordi muudatusi. Kuigi uus korraldus peaks senisest enam arvestama reisijate vajadustega, siis tegelikult on v\u00e4ikekohtade elanikel tihti keeruline aegu sobitada ja pigem otsustatakse ikkagi auto kasuks<\/p>\n<p>Kooliaasta alguses tuleb V\u00f5ru- ja P\u00f5lvamaa reisijatel bussi s\u00f5iduaegade muutusega arvestada ligi 700 bussipeatuses.<\/p>\n<p>Kagu \u00fchistranspordikeskuse tegevjuhi Sander Saare s\u00f5nul on selle aasta 1. september toomas muutusi umbes k\u00fcmnele protsendile liinidest.<\/p>\n<p>&#8220;Uuendatud saavad s\u00f5iduajad peaaegu 700 peatuses,. Sellet\u00f5ttu tasub k\u00f5igil neil, kes kasutavad \u00fchistransporti aegasti kontollida enne esimest septembrit s\u00f5iduaegasid.&#8221;<\/p>\n<p>Samas ei muuda reform liiklemist h\u00f5lpsamaks igal pool, sest hajaasustusega piirkondades on keeruline \u00fchistranspordiaegu klappima saada. Seet\u00f5ttu s\u00f5idavad sealsed elanikud t\u00f6\u00f6le ja viivad lapsi kooli j\u00e4tkuvalt oma autoga. <\/p>\n<p>V\u00f5ru vallavanem Raul Tohvi s\u00f5nul peavad kaugemalt linnas t\u00f6\u00f6l v\u00f5i koolis k\u00e4ivad inimesed seda tegema autoga ning \u00fchistransport nende vajadusi ei kata. Paari inimese p\u00e4rast liini k\u00e4ima panna pole lihtsalt m\u00f5istlik.<\/p>\n<p>&#8220;Ega siin h\u00e4id lahendusi ei ole, aga me n\u00e4eme valla rahakoti pealt, et j\u00e4rjest rohkem meil kulub valla raha selleks, et neid inimesi aidata,&#8221; s\u00f5nas ta.<\/p>\n<p>Ministeeriumis ollakse seisukohal, et kohalikud omavalitused saavadki tegelikult paremini v\u00e4ikekohtade elanike transporti korraldada.<\/p>\n<p>&#8220;Siin on v\u00f5imalik m\u00f5elda lahendusi, mis on seotud n\u00f5udep\u00f5hise transpordiga. \u00dchistransport peab tagama katvust ja k\u00f5igile inimestele ligip\u00e4\u00e4su. K\u00fcsimus on selles, et mis on meie tegevuse fookus ja kus on meil v\u00f5imalik leida t\u00e4iendavaid reisijaid. Need on pigem suuremad asulad, kus on t\u00e4na teenused ja kus on t\u00e4na t\u00f6\u00f6kohad,&#8221; selgitas regionaal- ja p\u00f5llumajandusministeeriumi \u00fchistranspordi osakonna juhataja Andres Ruubas.<\/p>\n","protected":false},"excerpt":{"rendered":"Kooliaasta algus toob V\u00f5ru- ja P\u00f5lvamaal kaasa palju \u00fchistranspordi muudatusi. Kuigi uus korraldus peaks senisest enam arvestama reisijate&hellip;\n","protected":false},"author":2,"featured_media":263827,"comment_status":"","ping_status":"","sticky":false,"template":"","format":"standard","meta":{"footnotes":"","_share_on_mastodon":"0"},"categories":[12],"tags":[44039,26,27,37,33,35,34,36,31,32,21,28,29,19,12897,25,23,24,2017,22,20,30,1975],"class_list":["post-263826","post","type-post","status-publish","format-standard","has-post-thumbnail","category-eesti","tag-andres-ruubas","tag-breaking-news","tag-breakingnews","tag-ee","tag-eesti","tag-eesti-keel","tag-estonia","tag-estonian","tag-featured-news","tag-featurednews","tag-headlines","tag-latest-news","tag-latestnews","tag-news","tag-polvamaa","tag-populaarseimad-lood","tag-top-stories","tag-topstories","tag-uhistransport","tag-uldised-uudised","tag-uudised","tag-viimased-uudised","tag-vorumaa"],"share_on_mastodon":{"url":"https:\/\/pubeurope.com\/@ee\/117179850641833427","error":""},"_links":{"self":[{"href":"https:\/\/www.europesays.com\/ee\/wp-json\/wp\/v2\/posts\/263826","targetHints":{"allow":["GET"]}}],"collection":[{"href":"https:\/\/www.europesays.com\/ee\/wp-json\/wp\/v2\/posts"}],"about":[{"href":"https:\/\/www.europesays.com\/ee\/wp-json\/wp\/v2\/types\/post"}],"author":[{"embeddable":true,"href":"https:\/\/www.europesays.com\/ee\/wp-json\/wp\/v2\/users\/2"}],"replies":[{"embeddable":true,"href":"https:\/\/www.europesays.com\/ee\/wp-json\/wp\/v2\/comments?post=263826"}],"version-history":[{"count":0,"href":"https:\/\/www.europesays.com\/ee\/wp-json\/wp\/v2\/posts\/263826\/revisions"}],"wp:featuredmedia":[{"embeddable":true,"href":"https:\/\/www.europesays.com\/ee\/wp-json\/wp\/v2\/media\/263827"}],"wp:attachment":[{"href":"https:\/\/www.europesays.com\/ee\/wp-json\/wp\/v2\/media?parent=263826"}],"wp:term":[{"taxonomy":"category","embeddable":true,"href":"https:\/\/www.europesays.com\/ee\/wp-json\/wp\/v2\/categories?post=263826"},{"taxonomy":"post_tag","embeddable":true,"href":"https:\/\/www.europesays.com\/ee\/wp-json\/wp\/v2\/tags?post=263826"}],"curies":[{"name":"wp","href":"https:\/\/api.w.org\/{rel}","templated":true}]}}