{"id":263854,"date":"2026-08-29T18:12:27","date_gmt":"2026-08-29T18:12:27","guid":{"rendered":"https:\/\/www.europesays.com\/ee\/263854\/"},"modified":"2026-08-29T18:12:27","modified_gmt":"2026-08-29T18:12:27","slug":"parna-tanavalt-energiaturgude-keskele-kalvi-nou-teab-et-talent-tuleb-tooga","status":"publish","type":"post","link":"https:\/\/www.europesays.com\/ee\/263854\/","title":{"rendered":"P\u00e4rna t\u00e4navalt energiaturgude keskele: Kalvi N\u00f5u teab, et talent tuleb t\u00f6\u00f6ga"},"content":{"rendered":"<p>Kui Alexela energiaportfelli juhi Kalvi N\u00f5u telefon heliseb ja teisel pool on ajakirjanik, v\u00f5ib ta \u00fcsna suure t\u00f5en\u00e4osusega aimata, millest temaga r\u00e4\u00e4kida tahetakse. Elekter, gaas, hinnad v\u00f5i j\u00e4rjekordne raputus energiaturul.<\/p>\n<p class=\"p3\">\u201c\u00dcldiselt, kui ajakirjanikud minult kommentaari tahavad, siis on see ainult \u00fchel teemal ja see on energiaturg,\u201d muigab Kalvi N\u00f5u. \u201cSiiani ei ole keegi otseselt huvi tundnud minu kui persooni vastu ja selle vastu, kuidas ma olen j\u00f5udnud sinna, kus ma t\u00e4naseks olen.\u201d<\/p>\n","protected":false},"excerpt":{"rendered":"Kui Alexela energiaportfelli juhi Kalvi N\u00f5u telefon heliseb ja teisel pool on ajakirjanik, v\u00f5ib ta \u00fcsna suure t\u00f5en\u00e4osusega&hellip;\n","protected":false},"author":2,"featured_media":263855,"comment_status":"","ping_status":"","sticky":false,"template":"","format":"standard","meta":{"footnotes":"","_share_on_mastodon":"0"},"categories":[12],"tags":[7377,26,27,37,33,4526,35,6122,1849,102303,34,36,31,32,7379,21,8892,456,28,29,2894,19,102304,25,948,102301,102302,23,24,22,20,30],"class_list":["post-263854","post","type-post","status-publish","format-standard","has-post-thumbnail","category-eesti","tag-alexela","tag-breaking-news","tag-breakingnews","tag-ee","tag-eesti","tag-eesti-energia","tag-eesti-keel","tag-elektriturg","tag-energeetika","tag-erasmus-school-of-economics-rotterdamis","tag-estonia","tag-estonian","tag-featured-news","tag-featurednews","tag-gaasiturg","tag-headlines","tag-kalvi-nou","tag-kuressaare","tag-latest-news","tag-latestnews","tag-lng","tag-news","tag-parna-tanav","tag-populaarseimad-lood","tag-saaremaa","tag-saaremaa-uhisgumnaasium","tag-stockholmi-korgem-majanduskool-riias","tag-top-stories","tag-topstories","tag-uldised-uudised","tag-uudised","tag-viimased-uudised"],"share_on_mastodon":{"url":"","error":"Validation failed: Text character limit of 500 exceeded"},"_links":{"self":[{"href":"https:\/\/www.europesays.com\/ee\/wp-json\/wp\/v2\/posts\/263854","targetHints":{"allow":["GET"]}}],"collection":[{"href":"https:\/\/www.europesays.com\/ee\/wp-json\/wp\/v2\/posts"}],"about":[{"href":"https:\/\/www.europesays.com\/ee\/wp-json\/wp\/v2\/types\/post"}],"author":[{"embeddable":true,"href":"https:\/\/www.europesays.com\/ee\/wp-json\/wp\/v2\/users\/2"}],"replies":[{"embeddable":true,"href":"https:\/\/www.europesays.com\/ee\/wp-json\/wp\/v2\/comments?post=263854"}],"version-history":[{"count":0,"href":"https:\/\/www.europesays.com\/ee\/wp-json\/wp\/v2\/posts\/263854\/revisions"}],"wp:featuredmedia":[{"embeddable":true,"href":"https:\/\/www.europesays.com\/ee\/wp-json\/wp\/v2\/media\/263855"}],"wp:attachment":[{"href":"https:\/\/www.europesays.com\/ee\/wp-json\/wp\/v2\/media?parent=263854"}],"wp:term":[{"taxonomy":"category","embeddable":true,"href":"https:\/\/www.europesays.com\/ee\/wp-json\/wp\/v2\/categories?post=263854"},{"taxonomy":"post_tag","embeddable":true,"href":"https:\/\/www.europesays.com\/ee\/wp-json\/wp\/v2\/tags?post=263854"}],"curies":[{"name":"wp","href":"https:\/\/api.w.org\/{rel}","templated":true}]}}