{"id":263864,"date":"2026-08-29T18:30:10","date_gmt":"2026-08-29T18:30:10","guid":{"rendered":"https:\/\/www.europesays.com\/ee\/263864\/"},"modified":"2026-08-29T18:30:10","modified_gmt":"2026-08-29T18:30:10","slug":"vanemuine-ja-lati-rahvusooper-vahetasid-teatrimaju-teater","status":"publish","type":"post","link":"https:\/\/www.europesays.com\/ee\/263864\/","title":{"rendered":"Vanemuine ja L\u00e4ti rahvusooper vahetasid teatrimaju | Teater"},"content":{"rendered":"<p>Rahvusteatri Vanemuine muusika-, s\u00f5na- ja tantsulavastus &#8220;Palve. Kummardus Arvo P\u00e4rdile&#8221; t\u00f5i Riiga, L\u00e4ti rahvusooperisse t\u00e4ismaja. Vanemuine annab praegu k\u00fclalisetendusi l\u00f5unanaabrite juures, l\u00e4tlased omakorda esinesid n\u00e4dala algul Tartus.<\/p>\n<p>Vanemuine proovis L\u00e4ti rahvusooperi Tartuga v\u00f5rreldes suuremal laval j\u00e4rele, kuidas Arvo P\u00e4rt siin k\u00f5lab. Tantsijad saabusid \u00e4sja Eestist, ees ootab koori ja orkestri kokkum\u00e4ng.<\/p>\n<p>Suurte teatrite n-\u00f6 majavahetused n\u00f5uavad ka suurt ettevalmistust ja v\u00e4ga tihti neid ei toimu. Vanemuine on Riias seekord esindatud kolme \u017eanriga, L\u00e4ti rahvusooperi k\u00f5rval j\u00f5uti ka Kunstiteatrisse.<\/p>\n<p>Vanemuise teatrijuht Aivar M\u00e4e s\u00f5nul oli majas 230 vanemuislast.<\/p>\n<p>&#8220;Nende liigutamine \u00fchest riigist teise pole lihtne ega kerge nii logistiliselt kui ka rahaliselt. Aga me oleme kokku leppinud nii, et iga kahe-kolme aasta tagant me teatrite vahetust teeme,&#8221; s\u00f5nas ta.<\/p>\n<p>Eestlased j\u00f5uavad L\u00e4ti rahvusooperisse siinseid etendusi vaatama p\u00e4ris tihti. Riiga tulek on muutunud populaarseks n\u00e4dalal\u00f5pu veetmise v\u00f5imaluseks. Tartu ja Riia vahelised otse\u00fchendused toovad l\u00e4tlasi j\u00e4rjest enam ka Tartusse. K\u00fclalisetendusi, mis kogu teatrimaja naabritele k\u00fclla viib, v\u00f5iks olla rohkem, leiavad L\u00e4ti rahvusooperi juhid.<\/p>\n<p>&#8220;T\u00e4iendav rahaline toetus k\u00fclalisetenduste korraldamiseks oleks teatritele v\u00e4ga vajalik. Teame, et kolleegidel Horvaatias ja teistes riikides on eraldi eelarve, millega saab kaasa aidata just k\u00fclalisetenduste toimumisele,&#8221; s\u00f5nas L\u00e4ti rahvusooperi juhatuse liige Astra Irmeja-\u0160efere.<\/p>\n<p>Arvo P\u00e4rdi \u00f5htu t\u00f5i kokku palju Eesti ja L\u00e4ti s\u00f5pru ning l\u00f5petas Alar Karise ametiaja viimase L\u00e4ti visiidi.<\/p>\n<p>&#8220;On k\u00fcll piisavalt v\u00f5imalusi, et tulla kohale ja tutvuda L\u00e4ti kultuuriga. K\u00fcsimus on, kas me siin k\u00e4ime. T\u00e4na toome ju Vanemuise siia, Riiga, nii et ma loodan, et l\u00e4tlasi tuleb seda kuulama ja vaatama, nagu kui mina olin v\u00e4ike poiss ja s\u00f5itsin Riiga kuulama orelimuusikat,&#8221; s\u00f5nas Eesti president.<\/p>\n<p>&#8220;Teame L\u00e4tis v\u00e4ga h\u00e4sti Arvo P\u00e4rti ja t\u00e4histasime tema 90. s\u00fcnnip\u00e4eva. Peteris Vasks ja teised meie muusika suurkujud on aga populaarsed Eestis,&#8221; leidis aga L\u00e4ti president Edgars Rinkevics<\/p>\n","protected":false},"excerpt":{"rendered":"Rahvusteatri Vanemuine muusika-, s\u00f5na- ja tantsulavastus &#8220;Palve. Kummardus Arvo P\u00e4rdile&#8221; t\u00f5i Riiga, L\u00e4ti rahvusooperisse t\u00e4ismaja. Vanemuine annab praegu&hellip;\n","protected":false},"author":2,"featured_media":263865,"comment_status":"","ping_status":"","sticky":false,"template":"","format":"standard","meta":{"footnotes":"","_share_on_mastodon":"0"},"categories":[16],"tags":[2321,37,33,35,173,34,36,43184,140,197],"class_list":["post-263864","post","type-post","status-publish","format-standard","has-post-thumbnail","category-meelelahutus","tag-aivar-mae","tag-ee","tag-eesti","tag-eesti-keel","tag-entertainment","tag-estonia","tag-estonian","tag-lati-rahvusooper","tag-meelelahutus","tag-vanemuine"],"share_on_mastodon":{"url":"https:\/\/pubeurope.com\/@ee\/117180224319624630","error":""},"_links":{"self":[{"href":"https:\/\/www.europesays.com\/ee\/wp-json\/wp\/v2\/posts\/263864","targetHints":{"allow":["GET"]}}],"collection":[{"href":"https:\/\/www.europesays.com\/ee\/wp-json\/wp\/v2\/posts"}],"about":[{"href":"https:\/\/www.europesays.com\/ee\/wp-json\/wp\/v2\/types\/post"}],"author":[{"embeddable":true,"href":"https:\/\/www.europesays.com\/ee\/wp-json\/wp\/v2\/users\/2"}],"replies":[{"embeddable":true,"href":"https:\/\/www.europesays.com\/ee\/wp-json\/wp\/v2\/comments?post=263864"}],"version-history":[{"count":0,"href":"https:\/\/www.europesays.com\/ee\/wp-json\/wp\/v2\/posts\/263864\/revisions"}],"wp:featuredmedia":[{"embeddable":true,"href":"https:\/\/www.europesays.com\/ee\/wp-json\/wp\/v2\/media\/263865"}],"wp:attachment":[{"href":"https:\/\/www.europesays.com\/ee\/wp-json\/wp\/v2\/media?parent=263864"}],"wp:term":[{"taxonomy":"category","embeddable":true,"href":"https:\/\/www.europesays.com\/ee\/wp-json\/wp\/v2\/categories?post=263864"},{"taxonomy":"post_tag","embeddable":true,"href":"https:\/\/www.europesays.com\/ee\/wp-json\/wp\/v2\/tags?post=263864"}],"curies":[{"name":"wp","href":"https:\/\/api.w.org\/{rel}","templated":true}]}}