{"id":263866,"date":"2026-08-29T18:31:14","date_gmt":"2026-08-29T18:31:14","guid":{"rendered":"https:\/\/www.europesays.com\/ee\/263866\/"},"modified":"2026-08-29T18:31:14","modified_gmt":"2026-08-29T18:31:14","slug":"vaata-jarele-kuressaare-ja-vapruse-tuline-lahing-loppes-viigiga-soccernet-ee","status":"publish","type":"post","link":"https:\/\/www.europesays.com\/ee\/263866\/","title":{"rendered":"VAATA J\u00c4RELE: Kuressaare ja Vapruse tuline lahing l\u00f5ppes viigiga &#8211; Soccernet.ee"},"content":{"rendered":"<p>&#13;\n<\/p>\n<p>Premium liiga 25. m\u00e4nguvoorus leppisid FC Kuressaare ja\u00a0 P\u00e4rnu JK Vaprus 2:2 viiki.<\/p>\n<ul>&#13;<\/p>\n<li>Kuressaare &#8211; Vaprus 2:2 (45+1. pen. Jevgeni Demidov, 51. pen. Aston Visse &#8211; 24. Sander Kapper, 74. Matthias Limberg)<br \/>&#13;<br \/>\n    V\u00e4ravas\u00f6\u00f6dud: 45+1. Deivid Andreas, 51. Marco Lukka &#8211; 24. Sten Jakob Viidas, 74. Henri V\u00e4lja<\/li>\n<p>&#13;<\/p>\n<li>M\u00e4ngu kommenteerisid Risto Unt ja Aivar Pohlak.<\/li>\n<p>&#13;<\/p>\n<li><a href=\"https:\/\/tv.soccernet.ee\/\" target=\"https:\/\/tv.soccernet.ee\/\" rel=\"nofollow noopener\">Vaata m\u00e4nge Soccernet TV-st!<\/a><\/li>\n<p>&#13;\n<\/ul>\n<p>Vaprus l\u00e4ks kohtumist 24. minutil juhtima, kui Sander Kapper tulistas v\u00e4ravasse Sten Jakob Viidase madala s\u00f6\u00f6du. Avapoolaja l\u00f5pus sai Kuressaare aga ootamatul moel k\u00e4tte viigiv\u00e4rava &#8211; Deivid Andrease karistusl\u00f6\u00f6k tabas m\u00fc\u00fcris seisnud Viidase k\u00e4tt ja videokohtunik suunas peakohtuniku Juri Frischeri ekraani juurde. M\u00e4\u00e4ratud penalti realiseeris Jevgeni Demidov.&#13;\n<\/p>\n<p>Teise poolaja alguses teenis Kuressaare taas VAR-i abiga penalti, seekord patustas k\u00e4em\u00e4nguga Kevin Aloe ja Aston Visse viis 11 meetrilt v\u00f5\u00f5rustajad juhtima. Viimane s\u00f5na j\u00e4i aga Vaprusele, 74. minutil l\u00f5i Matthias Limberg nurgal\u00f6\u00f6gile j\u00e4rgnenud olukorrast peaga 2:2. Liigatabelis j\u00e4tkab Vaprus seitsmendal ja Kuressaare \u00fcheksandal kohal, meeskondi lahutab kolm punkti.<\/p>\n<p>&#13;\n<\/p>\n<p>Enne m\u00e4ngu:&#13;\n<\/p>\n<p>Kuressaare v\u00f5ttis vahepeal kaks v\u00f5itu j\u00e4rjest, alistades koduplatsil 3:2 Harju ja seej\u00e4rel v\u00f5\u00f5rsil sama skooriga ka Flora. Viimati j\u00e4\u00e4di aga v\u00f5\u00f5rsil napilt 0:1 alla Tartu Tammekale. Liigatabelis ollakse \u00fcheksandad ja edestatakse vooru eel viimasel real olevat Narva Transi seitsme punktiga. V\u00f5idu korral kerkitaks aga p\u00e4rnakatega samale reale ehk seitsmendat kohta jagama.&#13;\n<\/p>\n<p>Vaprus v\u00f5itles kuu alguses tabelijuhilt Levadialt v\u00e4lja viigipunkti, aga kaotas seej\u00e4rel N\u00f5mme Kaljule ja viimati ka 1:2 Florale. Meeskondade m\u00f5lemas t\u00e4navuses omavahelises kohtumises on j\u00e4\u00e4nud 1:0 seisuga peale Vaprus.&#13;\n<\/p>\n<p>V\u00e4ljakukohtunik<\/p>\n<p>Juri Frischer<\/p>\n<p>1. abikohtunik<\/p>\n<p>Egerd Pajustik<\/p>\n<p>2. abikohtunik<\/p>\n<p>Petteri Schultz<\/p>\n<p>4. kohtunik<\/p>\n<p>Rasmus Maalinn<\/p>\n<p>Videokohtunik<\/p>\n<p>Reelika Turi<\/p>\n<p>Abivideokohtunik<\/p>\n<p>Sander Saga<\/p>\n<p>P: 24 (V\u00f5: 7 Vi: 3 Ka: 14 ) VV: 25:39<\/p>\n<p>P: 27 (V\u00f5: 8 Vi: 3 Ka: 12 ) VV: 31:44<\/p>\n<p>                           Andero Kivi 7<\/p>\n<p>                           Taavi J\u00fcrisoo 5<\/p>\n<p>                           Johann Vaherm\u00e4gi 3<\/p>\n<p>                           Jevgeni Demidov 2<\/p>\n<p>                           Rasmus Talu 2<\/p>\n<p>                         Henri V\u00e4lja 8<\/p>\n<p>                         Matthias Limberg 6<\/p>\n<p>                         Sten Jakob Viidas 4<\/p>\n<p>                         Rasmus Orm 3<\/p>\n<p>                         Kevin Aloe 2<\/p>\n<p>                           Taavi J\u00fcrisoo 4<\/p>\n<p>                           Rasmus Talu 3<\/p>\n<p>                           Jevgeni Demidov 2<\/p>\n<p>                           Sten Patrick Prunn 2<\/p>\n<p>                           Rico Piil 2<\/p>\n<p>                         Tristan Pajo 5<\/p>\n<p>                         Kevin Aloe 4<\/p>\n<p>                         Matthias Limberg 3<\/p>\n<p>                         Sander Kapper 2<\/p>\n<p>                         Virgo Vallik 2<\/p>\n<p>                             Marco Lukka<\/p>\n<p>                             Sander Sinilaid<\/p>\n<p>                             Deivid Andreas<\/p>\n<p>                             Sander Kapper<\/p>\n<p>                             Joosep P\u00f5der<\/p>\n<p>                             Kevin Aloe<\/p>\n<p>                             Mathias Villota<\/p>\n<p>                             Mark Anders Lepik<\/p>\n<p>VIIMASED OMAVAHELISED M\u00c4NGUD<\/p>\n<p>21.10.2025<\/p>\n<p>Kuressaare<\/p>\n<p>0:1<\/p>\n<p>20.07.2025<\/p>\n<p>Kuressaare<\/p>\n<p>2:1<\/p>\n<p>01.06.2025<\/p>\n<p>Kuressaare<\/p>\n<p>2:1<\/p>\n<p><img decoding=\"async\" src=\"https:\/\/www.europesays.com\/ee\/wp-content\/uploads\/2026\/08\/1788028274_797_vivatbet_logo_dark.png\" style=\"height: auto; width: auto; max-height: 30px;\" alt=\"\"\/><\/p>\n<p>Kuressaare v\u00f5it 2,15<\/p>\n<p>viik 3,34<\/p>\n<p><img decoding=\"async\" src=\"https:\/\/www.europesays.com\/ee\/wp-content\/uploads\/2026\/08\/1788028274_797_vivatbet_logo_dark.png\" style=\"height: auto; width: auto; max-height: 30px;\" alt=\"\"\/><\/p>\n<p>Vapruse v\u00f5it 2,987<\/p>\n<p>viik 3,34<\/p>\n","protected":false},"excerpt":{"rendered":"&#13; Premium liiga 25. m\u00e4nguvoorus leppisid FC Kuressaare ja\u00a0 P\u00e4rnu JK Vaprus 2:2 viiki. &#13; Kuressaare &#8211; Vaprus&hellip;\n","protected":false},"author":2,"featured_media":263867,"comment_status":"","ping_status":"","sticky":false,"template":"","format":"standard","meta":{"footnotes":"","_share_on_mastodon":"0"},"categories":[18],"tags":[37,33,35,34,36,456,2470,4106,1621,167,159,158,1622],"class_list":["post-263866","post","type-post","status-publish","format-standard","has-post-thumbnail","category-sport","tag-ee","tag-eesti","tag-eesti-keel","tag-estonia","tag-estonian","tag-kuressaare","tag-otsepilt","tag-otseulekanne","tag-parnu-vaprus","tag-premium-liiga","tag-sport","tag-sports","tag-vaprus"],"share_on_mastodon":{"url":"https:\/\/pubeurope.com\/@ee\/117180228484618373","error":""},"_links":{"self":[{"href":"https:\/\/www.europesays.com\/ee\/wp-json\/wp\/v2\/posts\/263866","targetHints":{"allow":["GET"]}}],"collection":[{"href":"https:\/\/www.europesays.com\/ee\/wp-json\/wp\/v2\/posts"}],"about":[{"href":"https:\/\/www.europesays.com\/ee\/wp-json\/wp\/v2\/types\/post"}],"author":[{"embeddable":true,"href":"https:\/\/www.europesays.com\/ee\/wp-json\/wp\/v2\/users\/2"}],"replies":[{"embeddable":true,"href":"https:\/\/www.europesays.com\/ee\/wp-json\/wp\/v2\/comments?post=263866"}],"version-history":[{"count":0,"href":"https:\/\/www.europesays.com\/ee\/wp-json\/wp\/v2\/posts\/263866\/revisions"}],"wp:featuredmedia":[{"embeddable":true,"href":"https:\/\/www.europesays.com\/ee\/wp-json\/wp\/v2\/media\/263867"}],"wp:attachment":[{"href":"https:\/\/www.europesays.com\/ee\/wp-json\/wp\/v2\/media?parent=263866"}],"wp:term":[{"taxonomy":"category","embeddable":true,"href":"https:\/\/www.europesays.com\/ee\/wp-json\/wp\/v2\/categories?post=263866"},{"taxonomy":"post_tag","embeddable":true,"href":"https:\/\/www.europesays.com\/ee\/wp-json\/wp\/v2\/tags?post=263866"}],"curies":[{"name":"wp","href":"https:\/\/api.w.org\/{rel}","templated":true}]}}