{"id":263870,"date":"2026-08-29T18:42:12","date_gmt":"2026-08-29T18:42:12","guid":{"rendered":"https:\/\/www.europesays.com\/ee\/263870\/"},"modified":"2026-08-29T18:42:12","modified_gmt":"2026-08-29T18:42:12","slug":"fotod-kuressaare-ja-vaprus-mangisid-viiki-harju-teenis-voorsil-napi-voidu","status":"publish","type":"post","link":"https:\/\/www.europesays.com\/ee\/263870\/","title":{"rendered":"FOTOD | Kuressaare ja Vaprus m\u00e4ngisid viiki, Harju teenis v\u00f5\u00f5rsil napi v\u00f5idu"},"content":{"rendered":"<p>Harju Laagri asus M\u00e4nniku staadionil N\u00f5mme Unitedi vastu juhtima avapoolaja l\u00f5pus, kui k\u00fclaliste v\u00e4ravaarve avas Kristjan Kriis. <\/p>\n<p>United j\u00f5udis teise poolaja alguses viigini, mil 51. minutil oli t\u00e4pne Zakaria Beglarishvili, kuid 68. minutil l\u00f5i Karel Eerme Laagri v\u00f5iduv\u00e4rava. <\/p>\n<p>V\u00f5iduga t\u00f5usis Harju 31 punktini ning paikneb liigatabelis kuuendal kohal. United asub 25 punktiga kaheksandal real.<\/p>\n<p>Kuressaare linnastaadionil peetud m\u00e4ngus haaras avapoolaja keskel eduseisu <a rel=\"noopener nofollow\" target=\"_blank\" href=\"https:\/\/www.delfi.ee\/teema\/77512852\/parnu-vaprus\" tag-id=\"77512852\">P\u00e4rnu Vaprus<\/a>, kui Sten Jakob Viidas leidis terava s\u00f6\u00f6duga Sander Kapperi, kes saatis m\u00e4nguvahendi ristnurka. Kuressaare meeskond suutis vastata avapoolaja esimesel \u00fcleminutil, kui Jevgeni Demidov realiseeris penalti ja viigistas seisu 1:1-le. <\/p>\n<p>Teise poolaja alguses haaras koduv\u00f5istkond eduseisu, kui taas teeniti penalti ning 51. minutil oli 11 meetri karistusl\u00f6\u00f6gil t\u00e4pne Aston Visse. Vaprus leidis p\u00e4\u00e4stva vastuse veerand tundi enne l\u00f5ppu, mil Matthias Limberg vormistas kohtumise l\u00f5ppseisuks 2:2. <\/p>\n<p>Kuressaare j\u00e4tkab 25 punktiga \u00fcheksandal kohal. Vaprus paikneb 28 punktiga seitsmendal real.<\/p>\n<p>Liider on Tallinna FCI Levadia 56 punktiga.<\/p>\n<p>A. Le Coq Premium liiga kohtumised p\u00fchap\u00e4eval:<\/p>\n<p>Kell 14.30 N\u00f5mme Kalju FC &#8211; Tallinna FCI Levadia, Hiiu kunstmurustaadion<\/p>\n<p>Kell 17.00 Tallinna FC Flora &#8211; Paide Linnameeskond, A. Le Coq Arena<\/p>\n<p>Kell 19.00 JK Narva Trans &#8211; Tartu JK Tammeka, Narva Kalev-Fama staadion<\/p>\n<p><img decoding=\"async\" src=\"https:\/\/www.europesays.com\/ee\/wp-content\/uploads\/2026\/08\/26a4d6a4-2154-430e-89e7-86cacf7f5e1c.jpg\" loading=\"lazy\"\/>Kuidas see lugu Sind end tundma pani?Saada<a href=\"https:\/\/sport.delfi.ee\/artikkel\/120607012\/fotod-kuressaare-ja-vaprus-mangisid-viiki-harju-teenis-voorsil-napi-voidu\/kommentaarid\" class=\"button button--primary button--size-auto article-body-bottom__comment article-body-bottom__comment--write\" style=\"\" rel=\"nofollow noopener\" target=\"_blank\">Kommenteeri<\/a><a href=\"https:\/\/sport.delfi.ee\/artikkel\/120607012\/fotod-kuressaare-ja-vaprus-mangisid-viiki-harju-teenis-voorsil-napi-voidu\/kommentaarid\" class=\"button button--size-auto article-body-bottom__comment article-body-bottom__comment--read\" style=\"\" rel=\"nofollow noopener\" target=\"_blank\">Loe kommentaare <\/a><\/p>\n","protected":false},"excerpt":{"rendered":"Harju Laagri asus M\u00e4nniku staadionil N\u00f5mme Unitedi vastu juhtima avapoolaja l\u00f5pus, kui k\u00fclaliste v\u00e4ravaarve avas Kristjan Kriis. United&hellip;\n","protected":false},"author":2,"featured_media":263871,"comment_status":"","ping_status":"","sticky":false,"template":"","format":"standard","meta":{"footnotes":"","_share_on_mastodon":"0"},"categories":[18],"tags":[19273,37,33,35,34,36,451,3971,502,172,1620,1621,159,158],"class_list":["post-263870","post","type-post","status-publish","format-standard","has-post-thumbnail","category-sport","tag-a-le-coq-premium-liiga","tag-ee","tag-eesti","tag-eesti-keel","tag-estonia","tag-estonian","tag-fc-kuressaare","tag-fc-nomme-united","tag-harju-jk-laagri","tag-jalgpall","tag-parnu-jk-vaprus","tag-parnu-vaprus","tag-sport","tag-sports"],"share_on_mastodon":{"url":"https:\/\/pubeurope.com\/@ee\/117180271613498131","error":""},"_links":{"self":[{"href":"https:\/\/www.europesays.com\/ee\/wp-json\/wp\/v2\/posts\/263870","targetHints":{"allow":["GET"]}}],"collection":[{"href":"https:\/\/www.europesays.com\/ee\/wp-json\/wp\/v2\/posts"}],"about":[{"href":"https:\/\/www.europesays.com\/ee\/wp-json\/wp\/v2\/types\/post"}],"author":[{"embeddable":true,"href":"https:\/\/www.europesays.com\/ee\/wp-json\/wp\/v2\/users\/2"}],"replies":[{"embeddable":true,"href":"https:\/\/www.europesays.com\/ee\/wp-json\/wp\/v2\/comments?post=263870"}],"version-history":[{"count":0,"href":"https:\/\/www.europesays.com\/ee\/wp-json\/wp\/v2\/posts\/263870\/revisions"}],"wp:featuredmedia":[{"embeddable":true,"href":"https:\/\/www.europesays.com\/ee\/wp-json\/wp\/v2\/media\/263871"}],"wp:attachment":[{"href":"https:\/\/www.europesays.com\/ee\/wp-json\/wp\/v2\/media?parent=263870"}],"wp:term":[{"taxonomy":"category","embeddable":true,"href":"https:\/\/www.europesays.com\/ee\/wp-json\/wp\/v2\/categories?post=263870"},{"taxonomy":"post_tag","embeddable":true,"href":"https:\/\/www.europesays.com\/ee\/wp-json\/wp\/v2\/tags?post=263870"}],"curies":[{"name":"wp","href":"https:\/\/api.w.org\/{rel}","templated":true}]}}