{"id":263874,"date":"2026-08-29T18:53:13","date_gmt":"2026-08-29T18:53:13","guid":{"rendered":"https:\/\/www.europesays.com\/ee\/263874\/"},"modified":"2026-08-29T18:53:13","modified_gmt":"2026-08-29T18:53:13","slug":"lando-norris-pikendas-mclareniga-lepingut-tiim-kinkis-soitjale-maailmameistritiitli-toonud-masina","status":"publish","type":"post","link":"https:\/\/www.europesays.com\/ee\/263874\/","title":{"rendered":"Lando Norris pikendas McLareniga lepingut, tiim kinkis s\u00f5itjale maailmameistritiitli toonud masina"},"content":{"rendered":"<p>McLaren teatas uuest lepingust laup\u00e4eva hommikul. \u201eMcLaren on minu kodu ja mul on v\u00e4ga hea meel allkirjastada uus leping, mis hoiab mind tiimis v\u00e4hemalt 2030. aastani,\u201c s\u00f5nas Norris teate vahendusel. \u201eKui alustasin \u00fcheksa aastat tagasi seda teekonda, olid mul selged eesm\u00e4rgid: tuua McLaren taas tippu ja v\u00f5ita meistritiitleid.\u201c<\/p>\n<p>Norrise s\u00f5nul on need eesm\u00e4rgid n\u00fc\u00fcd t\u00e4idetud, kuid McLaren ei kavatse saavutatud eduga piirduda. \u201eOleme selle eesm\u00e4rgi saavutanud, kuid tahame rohkem. Tahame j\u00e4tkuvalt v\u00f5ita ja teame tiimina, et oleme selleks v\u00f5imelised,\u201c lisas britt.<\/p>\n<p>Norrise eelmine leping kehtis 2027. aasta l\u00f5puni, mis t\u00e4hendab, et uus kontraht pikendab tema McLarenis viibimist v\u00e4hemalt kolme aasta v\u00f5rra. Uues lepingus on ka v\u00f5imalused koost\u00f6\u00f6 edasiseks pikendamiseks.<\/p>\n<p>Palganumbreid McLaren ega Norris ei avaldanud, kuid maailmameistriks t\u00f5usmise j\u00e4rel on britt t\u00f5en\u00e4oliselt saanud lepinguga ka m\u00e4rkimisv\u00e4\u00e4rse palgat\u00f5usu. Uue lepingu k\u00f5rval sai Norris v\u00f5istkonnalt kingituseks ka oma 2025. aasta maailmameistritiitli toonud McLareni MCL39 v\u00f5istlusauto.<\/p>\n<p>Norrise hooaeg tiitlikaitsjana algas keeruliselt, kui mitmel korral tuli s\u00f5it tehniliste murede t\u00f5ttu pooleli j\u00e4tta. Hooaja sees toodud uuendused aitasid tal aga v\u00f5ita kaks viimast toimunud etappi Ungaris ja Hollandis. S\u00f5itjate punktitabelis on britt neljas, kaotades liidrile Kimi Antonellile 83 punktiga.<\/p>\n<p>Norris liitus McLareni noorteprogrammiga 2017. aastal ning kaks aastat hiljem teenis p\u00f5his\u00f5itja koha. Sellest ajast alates on ta s\u00f5itnud ainult McLareni eest ning v\u00f5itnud 13 etappi, startinud 18 korral parimalt kohalt ja j\u00f5udnud poodiumile 48 korda.<\/p>\n<p>Norrise tiimikaaslane Oscar Piastri on McLareniga seotud 2028. aasta l\u00f5puni. Norrise ja Piastri abiga on McLaren v\u00f5itnud konstruktorite MM-tiitli kahel j\u00e4rjestikusel aastal, 2024. ja 2025. aastal. 2025. aastal t\u00f5i Norris McLarenile ka esimese s\u00f5itjate maailmameistritiitli 17 aasta pikkuse pausi j\u00e4rel.<\/p>\n<p>J\u00e4rgmise hooaja s\u00f5itjate koosseisu pole seni avalikustanud veel Aston Martin, Haas ega Racing Bulls. Lisaks pole Red Bull avalikustanud, kellest saab j\u00e4rgmisel hooajal Max Verstappeni tiimikaaslane.<\/p>\n<p>Kuidas see lugu Sind end tundma pani?Saada<a href=\"https:\/\/sport.delfi.ee\/artikkel\/120606956\/lando-norris-pikendas-mclareniga-lepingut-tiim-kinkis-soitjale-maailmameistritiitli-toonud-masina\/kommentaarid\" class=\"button button--primary button--size-auto article-body-bottom__comment article-body-bottom__comment--write\" style=\"\" rel=\"nofollow noopener\" target=\"_blank\">Kommenteeri<\/a><a href=\"https:\/\/sport.delfi.ee\/artikkel\/120606956\/lando-norris-pikendas-mclareniga-lepingut-tiim-kinkis-soitjale-maailmameistritiitli-toonud-masina\/kommentaarid\" class=\"button button--size-auto article-body-bottom__comment article-body-bottom__comment--read\" style=\"\" rel=\"nofollow noopener\" target=\"_blank\">Loe kommentaare <\/a><\/p>\n","protected":false},"excerpt":{"rendered":"McLaren teatas uuest lepingust laup\u00e4eva hommikul. \u201eMcLaren on minu kodu ja mul on v\u00e4ga hea meel allkirjastada uus&hellip;\n","protected":false},"author":2,"featured_media":263875,"comment_status":"","ping_status":"","sticky":false,"template":"","format":"standard","meta":{"footnotes":"","_share_on_mastodon":"0"},"categories":[18],"tags":[37,33,35,34,36,1577,1574,159,158],"class_list":["post-263874","post","type-post","status-publish","format-standard","has-post-thumbnail","category-sport","tag-ee","tag-eesti","tag-eesti-keel","tag-estonia","tag-estonian","tag-lando-norris","tag-mclaren","tag-sport","tag-sports"],"share_on_mastodon":{"url":"https:\/\/pubeurope.com\/@ee\/117180314546864102","error":""},"_links":{"self":[{"href":"https:\/\/www.europesays.com\/ee\/wp-json\/wp\/v2\/posts\/263874","targetHints":{"allow":["GET"]}}],"collection":[{"href":"https:\/\/www.europesays.com\/ee\/wp-json\/wp\/v2\/posts"}],"about":[{"href":"https:\/\/www.europesays.com\/ee\/wp-json\/wp\/v2\/types\/post"}],"author":[{"embeddable":true,"href":"https:\/\/www.europesays.com\/ee\/wp-json\/wp\/v2\/users\/2"}],"replies":[{"embeddable":true,"href":"https:\/\/www.europesays.com\/ee\/wp-json\/wp\/v2\/comments?post=263874"}],"version-history":[{"count":0,"href":"https:\/\/www.europesays.com\/ee\/wp-json\/wp\/v2\/posts\/263874\/revisions"}],"wp:featuredmedia":[{"embeddable":true,"href":"https:\/\/www.europesays.com\/ee\/wp-json\/wp\/v2\/media\/263875"}],"wp:attachment":[{"href":"https:\/\/www.europesays.com\/ee\/wp-json\/wp\/v2\/media?parent=263874"}],"wp:term":[{"taxonomy":"category","embeddable":true,"href":"https:\/\/www.europesays.com\/ee\/wp-json\/wp\/v2\/categories?post=263874"},{"taxonomy":"post_tag","embeddable":true,"href":"https:\/\/www.europesays.com\/ee\/wp-json\/wp\/v2\/tags?post=263874"}],"curies":[{"name":"wp","href":"https:\/\/api.w.org\/{rel}","templated":true}]}}