{"id":263876,"date":"2026-08-29T18:57:19","date_gmt":"2026-08-29T18:57:19","guid":{"rendered":"https:\/\/www.europesays.com\/ee\/263876\/"},"modified":"2026-08-29T18:57:19","modified_gmt":"2026-08-29T18:57:19","slug":"venemaal-levivad-vastakad-vaited-mobilisatsiooni-kohta-valismaa","status":"publish","type":"post","link":"https:\/\/www.europesays.com\/ee\/263876\/","title":{"rendered":"Venemaal levivad vastakad v\u00e4ited mobilisatsiooni kohta | V\u00e4lismaa"},"content":{"rendered":"<p>Venemaal kasvab hirm v\u00e4idetavalt s\u00fcgisel toimuva mobilisatsiooni ees ja seet\u00f5ttu suureneb riigist lahkujate hulk, millest annab tunnistust see, et eelmisel n\u00e4dalal lahkus Venemaalt Gruusiasse \u00fcle 113 000 venelase, kirjutas v\u00e4ljaanne Politico. Samas kinnitas Vene ekspresident, praegune julgeolekun\u00f5ukogu asejuht Dmitri Medvedev, et mobilisatsiooni ei ole kavas.<\/p>\n<p><a href=\"https:\/\/www.politico.eu\/article\/russian-vladimir-putin-quietly-preparing-another-mobilization\/\" target=\"_blank\" rel=\"noopener nofollow\">Politico s\u00f5nul<\/a> langeb piiri\u00fcletuste j\u00e4rsk kasv kokku Kremli \u00fcha agressiivsemate v\u00e4rbamismeetmetega, reservistide kohta andmete kogumise laiendamisega ning rahvuskaardi volituste suurendamisega. K\u00f5ik see on tekitanud spekulatsioone, et uus mobilisatsioon v\u00f5ib olla peatselt tulemas, kommenteeris Politico.<\/p>\n<p>Artiklit vahendanud <a href=\"https:\/\/kyivindependent.com\/more-than-113-000-russians-cross-into-georgia-in-a-week-as-fears-grow-of-new-mobilization-politico-reports\/\" target=\"_blank\" rel=\"noopener nofollow\">The Kyiv Independent<\/a> viitas Ukraina presidendi kantselei neljap\u00e4eva avaldatud teatele, et Venemaa plaanib aastatel 2026 ja 2027 mobiliseerida 600 000 inimest. <a href=\"https:\/\/www.err.ee\/1610121700\/ukraina-teatel-plaanib-venemaa-mobiliseerida-600-000-inimest\" target=\"_blank\" rel=\"noopener nofollow\">Ukraina s\u00f5jav\u00e4eluure (HUR) andmetel<\/a> kutsutaks neist 300 000 teenistusse juba t\u00e4navu ja veel 300 000 j\u00e4rgmisel aastal.<\/p>\n<p>&#8220;Venemaa poliitiline juhtkond k\u00e4sitleb t\u00e4iendavat mobilisatsioonilainet vastusena agressorriigi initsiatiivi kaotamisele s\u00f5jas, rindel hukkunute ja haavatute arvu j\u00e4tkuvale kasvule ning lepinguliste s\u00f5durite v\u00e4rbamise olulisele aeglustumisele piirkondades,&#8221; teatas kantselei.<\/p>\n<p>Venemaa inim\u00f5igusorganisatsiooni Ajateenija kool asutaja Aleksei Tabalov \u00fctles Politicole, et tema organisatsioon on viimasel ajal saanud \u00fcha rohkem \u00f5igusabi taotlusi s\u00f5jav\u00e4ekohustuslikus eas meestelt, eelk\u00f5ige s\u00f5jav\u00e4ereservi kuuluvatelt inimestelt.<\/p>\n<p>Ukraina president Volod\u00f5m\u00f5r Zelenski \u00fctles augusti alguses, et Ukraina luure eeldab, et Venemaa v\u00f5ib aasta l\u00f5puks v\u00e4lja kuulutada kiire mobilisatsiooni, mille k\u00e4igus kutsutaks teenistusse mitusada tuhat meest.<\/p>\n<p>Selle n\u00e4dala alguses ajakirjanikega r\u00e4\u00e4kides \u00fctles Zelenski, et Venemaa kavatseb p\u00e4rast septembris toimuvaid Riigiduuma valimisi mobiliseerida umbes 300 000 inimest, kuid p\u00fc\u00fcab v\u00e4ltida suuremate linnade elanike massilist mobiliseerimist, et v\u00e4hendada avalikkuse pahameelt.<\/p>\n<p>Zelenski s\u00f5nul t\u00e4iendaksid uued mobiliseeritud olemasolevat rutiinset v\u00e4rbamist ning neid v\u00f5idaks kasutada kas Venemaa pealetungi tugevdamiseks Donetski oblasti niinimetatud kindlusv\u00f6\u00f6ndi linnade vastu v\u00f5i uute rinnete avamiseks mujal, sealhulgas Ukraina p\u00f5hjapiiril.<\/p>\n<p>Gruusias on sellist piiri\u00fcletuste hoogustumist varemgi n\u00e4htud. 2022. aasta septembris, kui Venemaa re\u017eiimi juht Vladimir Putin kuulutas v\u00e4lja osalise mobilisatsiooni, mille k\u00e4igus kutsuti teenistusse umbes 300 000 meest, saabus Gruusiasse \u00fche n\u00e4dala jooksul \u00fcle 100 000 venelase. Gruusia oli \u00fcks v\u00e4heseid Venemaaga piirnevaid riike, mis lubas venelastel riiki viisavabalt siseneda.<\/p>\n<p>Sellest ajast alates on Venemaa oma v\u00e4gede t\u00e4iendamiseks suuresti toetunud lepingulistele s\u00f5duritele, samal ajal j\u00e4rk-j\u00e4rgult laiendades ja arendades uusi viise v\u00e4rbamiseks. Nende hulka kuuluvad n\u00e4iteks \u00fclikoolitudengite sihip\u00e4rane v\u00e4rbamine.<\/p>\n<p>Kreml on mobilisatsioonikuulujutte juba kuid eitanud. Kremli pressiesindaja Dmitri Peskov \u00fctles sel n\u00e4dalal, et jutte uuest mobilisatsioonist levitavad Ukraina v\u00f5imud eesm\u00e4rgiga olukorda ideoloogiliselt destabiliseerida.<\/p>\n<p>Medvedev: mobilisatsiooni ei kavandata<\/p>\n<p>Venemaal ei ole kavas mobilisatsiooni korraldada, sest kaitseministeeriumiga lepinguid s\u00f5lmivatest inimestest piisab, \u00fctles Venemaa Julgeolekun\u00f5ukogu aseesimees, kunagine riigi president Dmitri Medvedev.<\/p>\n<p>&#8220;Meie riigis ei ole mingeid mobilisatsiooniplaane. Meile piisab t\u00e4ielikult neist meie poistest, kes s\u00f5divad, olles s\u00f5lminud lepingu, ning teevad seda vabatahtlikult, l\u00e4htudes oma patriootilistest veendumustest,&#8221; \u00fctles ta oma sotsiaalmeediakontol avaldatud videosalvestises, kus vastas uue meedia festivali osalejate k\u00fcsimustele.<\/p>\n<p>Guardian: Venemaa kaotab iga kuu 6000 s\u00f5jav\u00e4elast rohkem kui v\u00e4rbab<\/p>\n<p>Briti ajaleht <a href=\"https:\/\/www.theguardian.com\/world\/2026\/aug\/28\/russia-losing-6000-more-troops-than-it-can-recruit-each-month-in-ukraine-says-west\" target=\"_blank\" rel=\"noopener nofollow\">The Guardian kirjutas<\/a> reedel l\u00e4\u00e4neriikide ametnikele viidates, et Venemaa kaotab iga kuu s\u00f5jas Ukraina vastu ligikaudu 6000 s\u00f5jav\u00e4elast rohkem, kui suudab v\u00e4rvata.<\/p>\n<p>M\u00e4rgitakse, et kuigi Moskva j\u00e4tkab aktiivselt uute s\u00f5durite v\u00e4rbamist \u2013 umbes 1000 inimest p\u00e4evas \u2013, ei ole isegi sellest viimase kahe kuu jooksul piisanud langenute ja haavatute asendamiseks.<\/p>\n<p>&#8220;Meie hinnangul on praegu erinevus Venemaa kaotuste ja suutlikkuse vahel v\u00e4rvata umbes 6000 inimest kuus,&#8221; \u00fctles \u00fcks l\u00e4\u00e4ne ametnik.<\/p>\n<p>L\u00e4\u00e4ne ametnikud leiavad, et edasine mobilisatsioon toob kaasa suuri riske nii poliitilises kui ka majanduslikus plaanis, m\u00e4rkides, et viimase sellise mobilisatsiooni ajal 2022. aasta s\u00fcgisel lahkus riigist ligi miljon \u2013 sageli k\u00f5rgelt kvalifitseeritud \u2013 venelast, kellest tagasi p\u00f6\u00f6rdus alla poole.<\/p>\n<p>Samuti on ebaselge, kas Venemaa s\u00f5jav\u00e4gi suudaks vastu v\u00f5tta mitusada tuhat uut v\u00e4rvatut, arvestades varustuse ja ohvitseride puudust.<\/p>\n","protected":false},"excerpt":{"rendered":"Venemaal kasvab hirm v\u00e4idetavalt s\u00fcgisel toimuva mobilisatsiooni ees ja seet\u00f5ttu suureneb riigist lahkujate hulk, millest annab tunnistust see,&hellip;\n","protected":false},"author":2,"featured_media":263877,"comment_status":"","ping_status":"","sticky":false,"template":"","format":"standard","meta":{"footnotes":"","_share_on_mastodon":"0"},"categories":[5],"tags":[26,27,37,33,35,34,36,31,32,21,28,29,6822,19,25,23,24,22,20,1931,1933,2877,30],"class_list":["post-263876","post","type-post","status-publish","format-standard","has-post-thumbnail","category-uldised-uudised","tag-breaking-news","tag-breakingnews","tag-ee","tag-eesti","tag-eesti-keel","tag-estonia","tag-estonian","tag-featured-news","tag-featurednews","tag-headlines","tag-latest-news","tag-latestnews","tag-mobilisatsioon","tag-news","tag-populaarseimad-lood","tag-top-stories","tag-topstories","tag-uldised-uudised","tag-uudised","tag-vene-armee","tag-vene-oht","tag-venemaa-agressioon-ukrainas","tag-viimased-uudised"],"share_on_mastodon":{"url":"https:\/\/pubeurope.com\/@ee\/117180330617746418","error":""},"_links":{"self":[{"href":"https:\/\/www.europesays.com\/ee\/wp-json\/wp\/v2\/posts\/263876","targetHints":{"allow":["GET"]}}],"collection":[{"href":"https:\/\/www.europesays.com\/ee\/wp-json\/wp\/v2\/posts"}],"about":[{"href":"https:\/\/www.europesays.com\/ee\/wp-json\/wp\/v2\/types\/post"}],"author":[{"embeddable":true,"href":"https:\/\/www.europesays.com\/ee\/wp-json\/wp\/v2\/users\/2"}],"replies":[{"embeddable":true,"href":"https:\/\/www.europesays.com\/ee\/wp-json\/wp\/v2\/comments?post=263876"}],"version-history":[{"count":0,"href":"https:\/\/www.europesays.com\/ee\/wp-json\/wp\/v2\/posts\/263876\/revisions"}],"wp:featuredmedia":[{"embeddable":true,"href":"https:\/\/www.europesays.com\/ee\/wp-json\/wp\/v2\/media\/263877"}],"wp:attachment":[{"href":"https:\/\/www.europesays.com\/ee\/wp-json\/wp\/v2\/media?parent=263876"}],"wp:term":[{"taxonomy":"category","embeddable":true,"href":"https:\/\/www.europesays.com\/ee\/wp-json\/wp\/v2\/categories?post=263876"},{"taxonomy":"post_tag","embeddable":true,"href":"https:\/\/www.europesays.com\/ee\/wp-json\/wp\/v2\/tags?post=263876"}],"curies":[{"name":"wp","href":"https:\/\/api.w.org\/{rel}","templated":true}]}}