{"id":263880,"date":"2026-08-29T19:15:08","date_gmt":"2026-08-29T19:15:08","guid":{"rendered":"https:\/\/www.europesays.com\/ee\/263880\/"},"modified":"2026-08-29T19:15:08","modified_gmt":"2026-08-29T19:15:08","slug":"video-jurgenson-tegi-paraguay-rallil-avarii-autoralli","status":"publish","type":"post","link":"https:\/\/www.europesays.com\/ee\/263880\/","title":{"rendered":"VIDEO | J\u00fcrgenson tegi Paraguay rallil avarii | Autoralli"},"content":{"rendered":"<p>Autoralli MM-sarja 11. etapil Paraguays pidi WRC2 arvestuses k\u00f5rges m\u00e4ngus olnud Romet J\u00fcrgenson (Ford Fiesta Rally2) 11. kiiruskatsel aset leidnud avarii t\u00f5ttu v\u00f5istluse pooleli j\u00e4tma.<\/p>\n<p>J\u00fcrgenson kaldus paar kilomeetrit enne 11. katse fini\u0161it s\u00f5idujoonelt v\u00e4lja, misj\u00e4rel tabas tema auto tagaosa k\u00fcngast ja tegi mitu spinni. \u00d5nneks p\u00e4\u00e4sesid J\u00fcrgenson ja kaardilugeja Siim Oja t\u00f5sisemate vigastusteta. Veidi varem riivas t\u00e4pselt samas kohas tee\u00e4\u00e4rset k\u00fcngast ka ralli \u00fcldliider Sami Pajari (Toyota), kuid soomlasel \u00f5nnestus avariid v\u00e4ltida.<\/p>\n<p>Video J\u00fcrgensoni avariist:<\/p>\n<blockquote class=\"twitter-tweet\" data-media-max-width=\"560\">\n<p lang=\"es\" dir=\"ltr\">ACCIDENTE DE Romet JURGENSON cuando venia ganando el SS11.<\/p>\n<p>*es la misma zona del susto de Pajari unos minutos antes.<\/p>\n<p>Crew OK <a href=\"https:\/\/t.co\/t8JrFnpIzq\" rel=\"nofollow\">pic.twitter.com\/t8JrFnpIzq<\/a><\/p>\n<p>\u2014 Diegote (@DiegoteSimracer) <a href=\"https:\/\/x.com\/DiegoteSimracer\/status\/2093698081724199040?ref_src=twsrc%5Etfw\" rel=\"nofollow\">August 29, 2026<\/a><\/p><\/blockquote>\n<p>J\u00fcrgenson hoidis enne avariid WRC2 arvestuses viiendat kohta, kaotust liidrile Diego Dominguezele (Toyota Rally2) oli kaks minutit ja seitse sekundit. Robert Virves (\u0160koda Rally2) v\u00f5itis laup\u00e4evase v\u00f5istlusp\u00e4eva esimesest neljast kiiruskatsest kolm, kuid tema kokkuv\u00f5ttes k\u00f5rgel kohal ei asu, sest s\u00f5itis teelt v\u00e4lja juba ralli <a href=\"https:\/\/sport.err.ee\/1610122655\/pajari-kerkis-paraguay-rallil-liidriks-jurgenson-tousis-wrc2-s-neljandaks\" target=\"_blank\" rel=\"noopener nofollow\">esimesel kiiruskatsel<\/a>.<\/p>\n<p>13. kiiruskatse eel edestab \u00fcldliider Pajari l\u00e4himat j\u00e4litajat Hayden Paddonit (Hyundai) 22,8 sekundiga. V\u00e4hem kui kahe minutiga kaotavad soomlasele veel Elfyn Evans (Toyota; +55,5) ja Adrien Fourmaux (Hyundai; +1.27,3).<\/p>\n<p><script async src=\"https:\/\/platform.twitter.com\/widgets.js\" charset=\"utf-8\"><\/script><\/p>\n","protected":false},"excerpt":{"rendered":"Autoralli MM-sarja 11. etapil Paraguays pidi WRC2 arvestuses k\u00f5rges m\u00e4ngus olnud Romet J\u00fcrgenson (Ford Fiesta Rally2) 11. kiiruskatsel&hellip;\n","protected":false},"author":2,"featured_media":263881,"comment_status":"","ping_status":"","sticky":false,"template":"","format":"standard","meta":{"footnotes":"","_share_on_mastodon":"0"},"categories":[18],"tags":[101974,3503,37,33,35,34,36,3016,48941,3015,14776,6863,102306,159,158,1192],"class_list":["post-263880","post","type-post","status-publish","format-standard","has-post-thumbnail","category-sport","tag-autoralli-mm-etapp-paraguays","tag-autoralli-mm-sari","tag-ee","tag-eesti","tag-eesti-keel","tag-estonia","tag-estonian","tag-robert-virves","tag-robert-virves-jakko-viilo","tag-romet-jurgenson","tag-romet-jurgenson-siim-oja","tag-sami-pajari","tag-sami-pajari-marko-salminen","tag-sport","tag-sports","tag-wrc"],"share_on_mastodon":{"url":"https:\/\/pubeurope.com\/@ee\/117180401431864658","error":""},"_links":{"self":[{"href":"https:\/\/www.europesays.com\/ee\/wp-json\/wp\/v2\/posts\/263880","targetHints":{"allow":["GET"]}}],"collection":[{"href":"https:\/\/www.europesays.com\/ee\/wp-json\/wp\/v2\/posts"}],"about":[{"href":"https:\/\/www.europesays.com\/ee\/wp-json\/wp\/v2\/types\/post"}],"author":[{"embeddable":true,"href":"https:\/\/www.europesays.com\/ee\/wp-json\/wp\/v2\/users\/2"}],"replies":[{"embeddable":true,"href":"https:\/\/www.europesays.com\/ee\/wp-json\/wp\/v2\/comments?post=263880"}],"version-history":[{"count":0,"href":"https:\/\/www.europesays.com\/ee\/wp-json\/wp\/v2\/posts\/263880\/revisions"}],"wp:featuredmedia":[{"embeddable":true,"href":"https:\/\/www.europesays.com\/ee\/wp-json\/wp\/v2\/media\/263881"}],"wp:attachment":[{"href":"https:\/\/www.europesays.com\/ee\/wp-json\/wp\/v2\/media?parent=263880"}],"wp:term":[{"taxonomy":"category","embeddable":true,"href":"https:\/\/www.europesays.com\/ee\/wp-json\/wp\/v2\/categories?post=263880"},{"taxonomy":"post_tag","embeddable":true,"href":"https:\/\/www.europesays.com\/ee\/wp-json\/wp\/v2\/tags?post=263880"}],"curies":[{"name":"wp","href":"https:\/\/api.w.org\/{rel}","templated":true}]}}