{"id":263882,"date":"2026-08-29T19:22:08","date_gmt":"2026-08-29T19:22:08","guid":{"rendered":"https:\/\/www.europesays.com\/ee\/263882\/"},"modified":"2026-08-29T19:22:08","modified_gmt":"2026-08-29T19:22:08","slug":"terevisioon-2026-08-27-2045-jupiter-err","status":"publish","type":"post","link":"https:\/\/www.europesays.com\/ee\/263882\/","title":{"rendered":"Terevisioon, 2026.08.27 20:45 &#8211; Jupiter | ERR"},"content":{"rendered":"<ol>\n<li><a href=\"https:\/\/news.google.com\/rss\/articles\/CBMiWEFVX3lxTE9KMnJNSDhVOWJob1E3Y0tpTmxZc2llTXpFckRhb0lYelNwcmVIVkc2Q3lzZllDLXM4dVpRN0s1QlFtNFBqSjZpeUsxd1VRTjBuYl9wMWJiM24?oc=5\" target=\"_blank\" rel=\"nofollow noopener\">Terevisioon, 2026.08.27 20:45<\/a>&nbsp;&nbsp;Jupiter | ERR<\/li>\n<li><a href=\"https:\/\/news.google.com\/rss\/articles\/CBMijAFBVV95cUxQWkJXUGdxMGNDT29TVmQwOTUwdmVrY1NlTzZiWDR2VXg5QnJmNlVhU0tXd0EwMHoxVFNsaUczdjI0Y0ZBRldfcWI3ckt0ZHVfSzllT0dFT0NvQWRTdEh5RU1nNU11eUhwbTNSdjF6T2E0eWY2czlGcEtQTWZyRmJXNE9weGt4Qk8tdm1vaQ?oc=5\" target=\"_blank\" rel=\"nofollow noopener\">\u201eTerevisiooni\u201c uus saatejuht trendib hoogsalt Google\u2019is<\/a>&nbsp;&nbsp;\u00d5htuleht<\/li>\n<li><a href=\"https:\/\/news.google.com\/rss\/articles\/CBMi1wFBVV95cUxOWmxKblRJRnZULW5zQmQtNnkwbkpWZFllM1E1WE1sN05DOTFBTkpnN29wRmstclBfc05Rcl9hNzJ6WmRqXzF0akFLTHJIN25hOGU4OXVsLVRVbDl0QWNmZ21rRDl3emVnVVBnRVYyeVhmWHVjeGJZN3hYbG11MklJSldjWE9RNS1zeDZCWlZ6M1dKOHFuVFlhVm9aTS00LVpVMzJQbXZXNXhPbTdEZEh6VzFZYlBBZUlyMl9kZFU0c1hBVktoRVhDRlluVnNvN2RfcUY0S0Uydw?oc=5\" target=\"_blank\" rel=\"nofollow noopener\">\u00dcLEVAADE | 25 AASTAT! \u201eTerevisioon\u201c l\u00e4bi aegade: kes on veerandsajandi jooksul eestlaste hommikuid sisustanud?<\/a>&nbsp;&nbsp;\u00d5htuleht<\/li>\n<li><a href=\"https:\/\/news.google.com\/rss\/articles\/CBMi7AFBVV95cUxPS1Y5ODVyYWgzN2IwZnFmYmx3c2hJWEQtOFZnTHVMbFhfeXl4bjJxRi1wWjRENFBGYzdnaTlRbFpuRHh3M2RmOFlYdkhLSU51UkRTMGtHNnRjcE5qWHdLR1BmenJrcG9Pcm1scjc5bkVObG5tVmtjY2JpcGFEMkRSdTFLcDlsOWIyeWc3OUxxMmwwRGt2VVBPQXFXOWw2TWpyUWZ5eGFTTXBJRjBpNEdhZUlld3VfRnAxa1NDNXdmbFpEdThFZzhtOUNnR1E3RTkzVDRtTm8zWUQxUmJoeU1LRzNsMmR2Vnh1dGZxXw?oc=5\" target=\"_blank\" rel=\"nofollow noopener\">\u00dcLLATUS OTSE-EETRIS! Margus Saar v\u00f5tab vastu uue rolli: saan vabamas vormis k\u00e4sitleda teemasid kultuurist hariduseni<\/a>&nbsp;&nbsp;\u00d5htuleht<\/li>\n<\/ol>\n","protected":false},"excerpt":{"rendered":"Terevisioon, 2026.08.27 20:45&nbsp;&nbsp;Jupiter | ERR \u201eTerevisiooni\u201c uus saatejuht trendib hoogsalt Google\u2019is&nbsp;&nbsp;\u00d5htuleht \u00dcLEVAADE | 25 AASTAT! \u201eTerevisioon\u201c l\u00e4bi aegade:&hellip;\n","protected":false},"author":2,"featured_media":263883,"comment_status":"","ping_status":"","sticky":false,"template":"","format":"standard","meta":{"footnotes":"","_share_on_mastodon":"0"},"categories":[85],"tags":[37,33,35,173,34,36,140,222],"class_list":["post-263882","post","type-post","status-publish","format-standard","has-post-thumbnail","category-tv","tag-ee","tag-eesti","tag-eesti-keel","tag-entertainment","tag-estonia","tag-estonian","tag-meelelahutus","tag-tv"],"share_on_mastodon":{"url":"https:\/\/pubeurope.com\/@ee\/117180428761775457","error":""},"_links":{"self":[{"href":"https:\/\/www.europesays.com\/ee\/wp-json\/wp\/v2\/posts\/263882","targetHints":{"allow":["GET"]}}],"collection":[{"href":"https:\/\/www.europesays.com\/ee\/wp-json\/wp\/v2\/posts"}],"about":[{"href":"https:\/\/www.europesays.com\/ee\/wp-json\/wp\/v2\/types\/post"}],"author":[{"embeddable":true,"href":"https:\/\/www.europesays.com\/ee\/wp-json\/wp\/v2\/users\/2"}],"replies":[{"embeddable":true,"href":"https:\/\/www.europesays.com\/ee\/wp-json\/wp\/v2\/comments?post=263882"}],"version-history":[{"count":0,"href":"https:\/\/www.europesays.com\/ee\/wp-json\/wp\/v2\/posts\/263882\/revisions"}],"wp:featuredmedia":[{"embeddable":true,"href":"https:\/\/www.europesays.com\/ee\/wp-json\/wp\/v2\/media\/263883"}],"wp:attachment":[{"href":"https:\/\/www.europesays.com\/ee\/wp-json\/wp\/v2\/media?parent=263882"}],"wp:term":[{"taxonomy":"category","embeddable":true,"href":"https:\/\/www.europesays.com\/ee\/wp-json\/wp\/v2\/categories?post=263882"},{"taxonomy":"post_tag","embeddable":true,"href":"https:\/\/www.europesays.com\/ee\/wp-json\/wp\/v2\/tags?post=263882"}],"curies":[{"name":"wp","href":"https:\/\/api.w.org\/{rel}","templated":true}]}}