{"id":263884,"date":"2026-08-29T19:26:15","date_gmt":"2026-08-29T19:26:15","guid":{"rendered":"https:\/\/www.europesays.com\/ee\/263884\/"},"modified":"2026-08-29T19:26:15","modified_gmt":"2026-08-29T19:26:15","slug":"uldliider-pogacar-pidi-vuelta-velotuuri-katkestama","status":"publish","type":"post","link":"https:\/\/www.europesays.com\/ee\/263884\/","title":{"rendered":"\u00dcldliider Poga\u010dar pidi Vuelta velotuuri katkestama"},"content":{"rendered":"<p>Poga\u010dari saatuslik kukkumine leidis aset 32 km enne fini\u0161it, kui ta kaldus etapi k\u00f5ige suuremal t\u00f5usul peagrupis s\u00f5ites ootamatult paremale ja p\u00f5rkas \u00fche ratturiga kokku. Sloveenlane sai \u00f5nnetuses t\u00f5siseid marrastusi n\u00e4ole ja vasakule \u00f5lale. Rattur viidi kukkumise j\u00e4rel haiglaravile.<\/p>\n<p>Poga\u010dar oli Vueltat juhtinud alates avaetapist peale.<\/p>\n<p>T\u00e4nase etapi v\u00f5itis fini\u0161iheitluses prantslane Bryan Coquard (Cofidis). Uueks liidriks kerkis hispaanlane Enric Mas (Movistar), kes edestab Felix Galli (Decathlon-CMA-CGM) minuti ja 11 sekundiga. Primo\u017e Rogli\u010d (Red Bull-Bora-Hansgrohe) kaotab kolmandana 1.33-ga.<\/p>\n<p>Kuidas see lugu Sind end tundma pani?Saada<a href=\"https:\/\/sport.delfi.ee\/artikkel\/120607002\/uldliider-pogacar-pidi-vuelta-velotuuri-katkestama\/kommentaarid\" class=\"button button--primary button--size-auto article-body-bottom__comment article-body-bottom__comment--write\" style=\"\" rel=\"nofollow noopener\" target=\"_blank\">Kommenteeri<\/a><a href=\"https:\/\/sport.delfi.ee\/artikkel\/120607002\/uldliider-pogacar-pidi-vuelta-velotuuri-katkestama\/kommentaarid\" class=\"button button--size-auto article-body-bottom__comment article-body-bottom__comment--read\" style=\"\" rel=\"nofollow noopener\" target=\"_blank\">Loe kommentaare (3)<\/a><\/p>\n","protected":false},"excerpt":{"rendered":"Poga\u010dari saatuslik kukkumine leidis aset 32 km enne fini\u0161it, kui ta kaldus etapi k\u00f5ige suuremal t\u00f5usul peagrupis s\u00f5ites&hellip;\n","protected":false},"author":2,"featured_media":263885,"comment_status":"","ping_status":"","sticky":false,"template":"","format":"standard","meta":{"footnotes":"","_share_on_mastodon":"0"},"categories":[18],"tags":[37,33,35,34,36,159,158,5382,2477],"class_list":["post-263884","post","type-post","status-publish","format-standard","has-post-thumbnail","category-sport","tag-ee","tag-eesti","tag-eesti-keel","tag-estonia","tag-estonian","tag-sport","tag-sports","tag-tadej-pogacar","tag-vuelta"],"share_on_mastodon":{"url":"https:\/\/pubeurope.com\/@ee\/117180444520758538","error":""},"_links":{"self":[{"href":"https:\/\/www.europesays.com\/ee\/wp-json\/wp\/v2\/posts\/263884","targetHints":{"allow":["GET"]}}],"collection":[{"href":"https:\/\/www.europesays.com\/ee\/wp-json\/wp\/v2\/posts"}],"about":[{"href":"https:\/\/www.europesays.com\/ee\/wp-json\/wp\/v2\/types\/post"}],"author":[{"embeddable":true,"href":"https:\/\/www.europesays.com\/ee\/wp-json\/wp\/v2\/users\/2"}],"replies":[{"embeddable":true,"href":"https:\/\/www.europesays.com\/ee\/wp-json\/wp\/v2\/comments?post=263884"}],"version-history":[{"count":0,"href":"https:\/\/www.europesays.com\/ee\/wp-json\/wp\/v2\/posts\/263884\/revisions"}],"wp:featuredmedia":[{"embeddable":true,"href":"https:\/\/www.europesays.com\/ee\/wp-json\/wp\/v2\/media\/263885"}],"wp:attachment":[{"href":"https:\/\/www.europesays.com\/ee\/wp-json\/wp\/v2\/media?parent=263884"}],"wp:term":[{"taxonomy":"category","embeddable":true,"href":"https:\/\/www.europesays.com\/ee\/wp-json\/wp\/v2\/categories?post=263884"},{"taxonomy":"post_tag","embeddable":true,"href":"https:\/\/www.europesays.com\/ee\/wp-json\/wp\/v2\/tags?post=263884"}],"curies":[{"name":"wp","href":"https:\/\/api.w.org\/{rel}","templated":true}]}}