{"id":263896,"date":"2026-08-29T20:03:19","date_gmt":"2026-08-29T20:03:19","guid":{"rendered":"https:\/\/www.europesays.com\/ee\/263896\/"},"modified":"2026-08-29T20:03:19","modified_gmt":"2026-08-29T20:03:19","slug":"oliver-reimanni-narkoskandaal-puudutab-ka-tallinna-linnateatrit-postimees","status":"publish","type":"post","link":"https:\/\/www.europesays.com\/ee\/263896\/","title":{"rendered":"Oliver Reimanni narkoskandaal puudutab ka Tallinna Linnateatrit &#8211; Postimees"},"content":{"rendered":"<ol>\n<li><a href=\"https:\/\/news.google.com\/rss\/articles\/CBMiogFBVV95cUxQSWhLTmZ5WUtIVy1FM25HeDllVWhpWnNYckw0QjhJOS1pclFnZlU0M1ByUUE0S2xpY3FFY0tDYjVFazJxcXFlXzlRaE5MbVdsYUdGSGhyVTZZUXQ2dVJjM25IeWd3REg1RDA2VGhPRkc3X0otMWVucGZJdlNZeFpRcFd2RjNNMDYyQWZ3UFM1TXBtaDdPMzFoQ3VPalljalp1dkE?oc=5\" target=\"_blank\" rel=\"nofollow noopener\">Oliver Reimanni narkoskandaal puudutab ka Tallinna Linnateatrit<\/a>&nbsp;&nbsp;Postimees<\/li>\n<li><a href=\"https:\/\/news.google.com\/rss\/articles\/CBMi1wFBVV95cUxQdVk0dkFpTjAtZXg3QU9VdVhLWkliRktBQ0FmZFN5ZFdBaEoyem4zNWh6OEdaczViYU84bGQyNWxHS3JNWklYaGE0T1ItanJ0eHV3Q2NBQ1pYTUozWG9HdDNMRmh1SWlFalplVlp4MFZlRS1XZk82ZEZaV3IzN1pvTDBsejBiamNhbnFzOGxhRDFkaFJJMU9BZHRwOXU5eGJZVjZQWHE5dGJPSlF4YV9hM2JDMkx4VENJSi1PY01uQ09JSG1kS2JFN3lwZWlKY0lDa2NuMkdsaw?oc=5\" target=\"_blank\" rel=\"nofollow noopener\">\u201eSelgitus ei ole \u00f5igustus.\u201c Eero Epner r\u00e4\u00e4gib, miks lasi loos k\u00f5lada ka Oliver Reimanni selgitustel<\/a>&nbsp;&nbsp;Eesti Ekspress<\/li>\n<li><a href=\"https:\/\/news.google.com\/rss\/articles\/CBMiqgFBVV95cUxQekdKN01KM0psbk8wWFlRTE9LSUM4UGE1UEtuM1JpdW03R2RvZGRzN0N4Snc5OEM0MUtiV0d0Rm1nZHdPQ3V4emlhdkZFV0oxOGVWcWNFNlVvQmNYMEpRZG05YUItS0xJQUM2SE9xd2FUYjVKWDEyczNrVjFSVGwxMGJOYTFiX2ozZnNDWW02RXdJWm5kdHhTeG40WnhHQ2VyY0RSdjhiMmNXdw?oc=5\" target=\"_blank\" rel=\"nofollow noopener\">Reimanni juhendaja Mart Koldits: olen k\u00e4itunud oma s\u00fcdametunnistuse j\u00e4rgi<\/a>&nbsp;&nbsp;ERR<\/li>\n<li><a href=\"https:\/\/news.google.com\/rss\/articles\/CBMi2AFBVV95cUxOajNRZ0xHNUF0OWxFX0xILUUzd20zYjFCaGxVTkpNeEU5UFBWeV94YzhRZ1BYQmlYZW1KVUNnYjlERDNaQUVnbnBOd0tuek9vNXp4amE4eHlxdWgydWkzdjNaZlR3WUlpNnBJZWxpWXVOTjRoUVZBRjdfQjR5YjhyYXNzSElBcFV3NGVyeFVoLTVMMUVibTBuNGpIUWhFMzdYOWhmOUZmWG5pT3IyWUNydGRUYV9FSmxrTWt5RjdMWmk5Wk4yLU9sd3RmMGdha3FqVllhc1loNUw?oc=5\" target=\"_blank\" rel=\"nofollow noopener\">EESRIIE ETTE! Draamateater l\u00f5petab s\u00f5pru salaja uimastanud Reimanniga lepingu: \u201eTema t\u00f6\u00f6lev\u00f5tmine oli viga.\u201c<\/a>&nbsp;&nbsp;\u00d5htuleht<\/li>\n<li><a href=\"https:\/\/news.google.com\/rss\/articles\/CBMi0gFBVV95cUxQRDgyZkViU2xNdGNhNFJtQWRvbEVQRE4yWEVsN19obWk2ZDRsLXRhMVczdEtDVGUzYXlDaDh1THRLa2YxTnJ3UGNqNDhfTFJZUExwNUE2Q3pxVUZSbnBoa1FneHZWelpMWGVrQWZrdU9DaG9WXzNFbHNNMld2NHFKeHlxT3dJY1ZEOXNWUmVvdEZzWEI5V1VtSkNTVlgwMW4yWWlTNVpnenBoalNHQnVVaUczVHczVkJUbnVlZFBuQ1Y4UmxXWW5ZQmY4bF91M1F5cnc?oc=5\" target=\"_blank\" rel=\"nofollow noopener\">GALERII JA VIDEO \u27e9 Riiga &#8220;Rahamaa&#8221; etendust vaatama s\u00f5itnud publik jagab esmamuljeid<\/a>&nbsp;&nbsp;Inbox.eu<\/li>\n<\/ol>\n","protected":false},"excerpt":{"rendered":"Oliver Reimanni narkoskandaal puudutab ka Tallinna Linnateatrit&nbsp;&nbsp;Postimees \u201eSelgitus ei ole \u00f5igustus.\u201c Eero Epner r\u00e4\u00e4gib, miks lasi loos k\u00f5lada&hellip;\n","protected":false},"author":2,"featured_media":263897,"comment_status":"","ping_status":"","sticky":false,"template":"","format":"standard","meta":{"footnotes":"","_share_on_mastodon":"0"},"categories":[5],"tags":[26,27,37,33,1367,5551,35,34,36,31,32,21,102308,28,29,101177,19,29178,25,1721,102309,17086,7388,23,24,10344,22,20,30],"class_list":["post-263896","post","type-post","status-publish","format-standard","has-post-thumbnail","category-uldised-uudised","tag-breaking-news","tag-breakingnews","tag-ee","tag-eesti","tag-eesti-draamateater","tag-eesti-ekspress","tag-eesti-keel","tag-estonia","tag-estonian","tag-featured-news","tag-featurednews","tag-headlines","tag-hele-palumaa","tag-latest-news","tag-latestnews","tag-mdma","tag-news","tag-oliver-reimann","tag-populaarseimad-lood","tag-postimees","tag-rene-jakobson","tag-sander-rebane","tag-tallinna-linnateater","tag-top-stories","tag-topstories","tag-uku-uusberg","tag-uldised-uudised","tag-uudised","tag-viimased-uudised"],"share_on_mastodon":{"url":"https:\/\/pubeurope.com\/@ee\/117180589820042347","error":""},"_links":{"self":[{"href":"https:\/\/www.europesays.com\/ee\/wp-json\/wp\/v2\/posts\/263896","targetHints":{"allow":["GET"]}}],"collection":[{"href":"https:\/\/www.europesays.com\/ee\/wp-json\/wp\/v2\/posts"}],"about":[{"href":"https:\/\/www.europesays.com\/ee\/wp-json\/wp\/v2\/types\/post"}],"author":[{"embeddable":true,"href":"https:\/\/www.europesays.com\/ee\/wp-json\/wp\/v2\/users\/2"}],"replies":[{"embeddable":true,"href":"https:\/\/www.europesays.com\/ee\/wp-json\/wp\/v2\/comments?post=263896"}],"version-history":[{"count":0,"href":"https:\/\/www.europesays.com\/ee\/wp-json\/wp\/v2\/posts\/263896\/revisions"}],"wp:featuredmedia":[{"embeddable":true,"href":"https:\/\/www.europesays.com\/ee\/wp-json\/wp\/v2\/media\/263897"}],"wp:attachment":[{"href":"https:\/\/www.europesays.com\/ee\/wp-json\/wp\/v2\/media?parent=263896"}],"wp:term":[{"taxonomy":"category","embeddable":true,"href":"https:\/\/www.europesays.com\/ee\/wp-json\/wp\/v2\/categories?post=263896"},{"taxonomy":"post_tag","embeddable":true,"href":"https:\/\/www.europesays.com\/ee\/wp-json\/wp\/v2\/tags?post=263896"}],"curies":[{"name":"wp","href":"https:\/\/api.w.org\/{rel}","templated":true}]}}