{"id":263920,"date":"2026-08-29T21:06:30","date_gmt":"2026-08-29T21:06:30","guid":{"rendered":"https:\/\/www.europesays.com\/ee\/263920\/"},"modified":"2026-08-29T21:06:30","modified_gmt":"2026-08-29T21:06:30","slug":"memo-punane-kusimark-jai-ohku-aga-kuressaare-ja-vaprus-vaarivad-teineteist-galerii-soccernet-ee","status":"publish","type":"post","link":"https:\/\/www.europesays.com\/ee\/263920\/","title":{"rendered":"Memo | Punane k\u00fcsim\u00e4rk j\u00e4i \u00f5hku, aga Kuressaare ja Vaprus v\u00e4\u00e4rivad teineteist (galerii!) &#8211; Soccernet.ee"},"content":{"rendered":"<p><a href=\"https:\/\/soccernet.ee\/fotod\/pl-fc-kuressaare-parnu-jk-vaprus10\" rel=\"nofollow noopener\" target=\"_blank\"><img decoding=\"async\" src=\"https:\/\/www.europesays.com\/ee\/wp-content\/uploads\/2026\/08\/1788023871.jpg\" alt=\"Kuressaare ja Vapruse duellis ei antud vastasele meetritki. Foto: Allan Mehik\"\/><\/a>&#13;\n<\/p>\n<p>Tabeli teise poole t\u00e4htsas duellis leppisid Kuressaare ja P\u00e4rnu Vaprus 2:2 viiki, mis ei r\u00f5\u00f5mustanud \u00f5ieti kumbagi.<\/p>\n<ul>&#13;<\/p>\n<li>Vaata Allan Mehiku galeriid m\u00e4ngust artikli alt!<\/li>\n<p>&#13;\n<\/ul>\n<p>Kuressaare terava alguse j\u00e4rel haaras Vaprus m\u00e4nguohjad enda k\u00e4tte ja Sander Kapper proovis mitu korda \u00f5nne \u2013 k\u00f5ige m\u00e4rkimisv\u00e4\u00e4rsemal moel 18. minutil. Oma valdustestes kaugele tulnud Karl-Romet N\u00f5mm eksis s\u00f6\u00f6duga ja Kapper saatis keskv\u00e4ljalt palli v\u00e4rava suunas teele, kuid vint viis l\u00f6\u00f6gi siiski raamidest m\u00f6\u00f6da. Kuid 24. minutil saatis \u00f5nn ka Kapperit \u2013 Sten Jakob Viidas tegi eelt\u00f6\u00f6 ning karistusalasse s\u00f6\u00f6stnud poolkaitsja suunas palli ristnurka, viies Vapruse 1:0 ette.&#13;\n<\/p>\n<p>Avapoolaja l\u00f5pus oli sarnasele eksimusele l\u00e4hedal ka Vaprus. Marko Lipp kaotas palli, Aston Visse leidis v\u00e4rava eest Deivid Andrease, kuid Kuressaare mehe l\u00f6\u00f6k l\u00e4ks \u00fcle lati. K\u00e4isid poolaja viimased minutid, kui Andrease karistusl\u00f6\u00f6k tabas m\u00fc\u00fcris seisnud Viidase k\u00e4tt, peakohtunik Juri Frischer sai v\u00e4ikese viivituse j\u00e4rel abi videokohtunikult ja m\u00e4\u00e4ras penalti. Jevgeni Demidov oli t\u00e4pne \u2013 1:1.&#13;\n<\/p>\n<p><a href=\"https:\/\/soccernet.ee\/fotod\/pl-fc-kuressaare-parnu-jk-vaprus10\" rel=\"nofollow noopener\" target=\"_blank\"><img decoding=\"async\" src=\"https:\/\/www.europesays.com\/ee\/wp-content\/uploads\/2026\/08\/1788023898.jpg\" alt=\"Foto: Allan Mehik\"\/><\/a>&#13;\n<\/p>\n<p>Teine poolaeg algas Vaprusele samasuguse \u0161okiga. Seekord j\u00e4ttis karistusalas k\u00e4ed lohakile Kevin Aloe, taas tuli Frischerile appi VAR ning seekord v\u00f5ttis penaltil\u00f6\u00f6mise enda peale Visse \u2013 2:1. M\u00e4ng n\u00e4is kalduvat Kuressaare kasuks, sest proovida said nii Demidov, Taavi J\u00fcrisoo kui ka vahetusest sekkunud Andero Kivi, aga kas oli sihik ebat\u00e4pne v\u00f5i tegi v\u00e4ravasuul head t\u00f6\u00f6d Ott N\u00f5mm.&#13;\n<\/p>\n<p>Vaprusel h\u00e4id r\u00fcnnakuid k\u00fcll nappis, kuid piisas ka \u00fchest. Nurgal\u00f6\u00f6gi j\u00e4rel sai Henri V\u00e4lja veel korra tsenderdada, kaitsjad unustasid Matthias Limbergi vabaks ja peal\u00f6\u00f6k ei j\u00e4tnud Karl-Romet N\u00f5mmele v\u00f5imalust \u2013 2:2. L\u00f5puminutitel oli teravam Kuressaare, v\u00f5iduv\u00e4rav ei olnud kaugel, aga Frischeri vile j\u00e4ttis m\u00f5lemal l\u00f5puks ikkagi vaid \u00fche punkti. Soccernet.ee tegi m\u00e4ngust j\u00e4rgmised t\u00e4helepanekud:&#13;\n<\/p>\n<p>K\u00e4ed | Kaks penaltit. Avapoolaja l\u00f5pus s\u00fcndinud otsus oli selles m\u00f5ttes k\u00f5igile suur \u00fcllatus, et esialgu polnud isegi selge, miks t\u00e4pselt Frischer ekraani juurde saadeti. K\u00e4epuute hetkel ei apelleerinud penaltile ainuski Kuressaare m\u00e4ngija, kuid kordus kinnitas, et Viidase k\u00e4si oli t\u00f5esti pea k\u00f5rvale t\u00f5stetud ja peatas palli lennu.&#13;\n<\/p>\n<p>Teise penalti puhul oli lugu selgem, sest k\u00e4epuudet n\u00e4gi ja karistust n\u00f5udis mitu Kuressaare m\u00e4ngijat. Taas aitas Frischerit videokohtunik Reelika Turi ja taas oli otsusega vaielda raske. Marco Lukka \u00fcritas palli tagasi v\u00e4ravaesisele suunata ja Aloe peatas selle k\u00e4ega \u2013 k\u00fcll tahtmatult, aga loomulikuks asendiks polnud tema liigutust ka v\u00f5imalik lugeda.&#13;\n<\/p>\n<p><a href=\"https:\/\/soccernet.ee\/fotod\/pl-fc-kuressaare-parnu-jk-vaprus10\" rel=\"nofollow noopener\" target=\"_blank\"><img decoding=\"async\" src=\"https:\/\/www.europesays.com\/ee\/wp-content\/uploads\/2026\/08\/1788023877.jpg\" alt=\"Foto: Allan Mehik\"\/><\/a>&#13;\n<\/p>\n<p>VAR-i abiga m\u00e4\u00e4ratud penaltite puhul kipub subjektiivne tunnetus tihti langema &#8220;\u00e4kki oleks saanud ka ilma?&#8221; hoiaku kasuks. Ent k\u00e4si on k\u00e4si ja reegliteraamatu j\u00e4rgi on m\u00f5lemale otsusele v\u00e4ga raske, kui mitte v\u00f5imatu vastu vaielda.<\/p>\n<p>K\u00fcsim\u00e4rk | Andmata punane? Penaltitest hoopis vastuolulisem moment leidis aset 38. minutil k\u00fcljejoone juures. Sander Sinilaid v\u00f5itles palli p\u00e4rast Tristan Pajoga ja l\u00fckkas ta selle k\u00e4igus otsa samuti olukorda sekkunud Demidovile. Pajo ja Demidov kukkusid, Frischeri vile vaikis ning Sinilaid tegi paar kiiremat sammu, et lahtine pall endale saada. Selle k\u00e4igus tundus, et Kuressaare poolkaitsja riivas maas lamavat Pajot kergelt.&#13;\n<\/p>\n<p>See vihastas Vapruse poolkaitsjat ning Pajo \u00e4sas pikali olles Sinilaiu suunas jalaga. Vastast ta ei tabanud, kuid tegu oli samas siiski ilmselge l\u00f6\u00f6giliigutusega. Ekraanile VAR-kontrolli m\u00e4rget ei ilmunud, v\u00e4ikese n\u00fcgimise j\u00e4rel aeti mehed laiali ja m\u00e4ng j\u00e4tkus kohtuniku palliga. Ent kas Pajo v\u00e4\u00e4rinuks siiski eemaldamist \u2013 teame ju, et v\u00e4givaldse k\u00e4itumise puhul ei ole oluline, kas vastast l\u00f6\u00f6giga tabatakse v\u00f5i mitte?&#13;\n<\/p>\n<p>K\u00f5nealune olukord (alates 51:20):&#13;\n<\/p>\n<p>&#13;\n<\/p>\n<p>Tasakaal | Kontroll v\u00f5i teravus? Vapruse katsed m\u00e4ngu domineerida olid keskv\u00e4ljal veenvamad. Pressingu alt suudeti s\u00f6\u00f6duga h\u00e4sti v\u00e4lja tulla ning V\u00e4lja-Villota-Pajo kolmik on palliga tegutsedes piisavalt kiire ja osav, et Kuressaare poolkaitsjaid edestada. Eriti avapoolajal olid \u00e4\u00e4red ehk Kapper ja Viidas samuti teravuste tekitamisel tasemel, avav\u00e4rav s\u00fcndiski nende koost\u00f6\u00f6st.&#13;\n<\/p>\n<p>Samas p\u00e4\u00e4ses just teisel poolajal aina enam maksvusele Kuressaare sirgjoonelisus. Enne kui Limberg standardolukorra j\u00e4rel viigistas, oli pigem \u00f5hus Kuressaare kolmas kui Vapruse teine v\u00e4rav. Juba aastaid kindlate tugevuste peale m\u00e4nginud meeskond tegi sama ka n\u00fc\u00fcd, otsides sirgjooneliselt oma r\u00fcndavamaid m\u00e4ngijaid ja lastes neil siis individuaalset meisterlikkust n\u00e4idata. Mitmel puhul j\u00e4i puudu vaid viimasest t\u00e4psest pealel\u00f6\u00f6gist, et skoor muutuks.<\/p>\n<p>Kokkuv\u00f5ttes muutis l\u00e4henemiste p\u00f5rkumine kohtumise aga meeldivalt vaatem\u00e4nguliseks. Et vastased t\u00e4navuse hooaja l\u00f5ikes teineteist v\u00e4\u00e4rivad, n\u00e4itab ka senise kolme omavahelise kohtumise koondskoor \u2013 m\u00f5lemale \u00fcks 1:0 v\u00f5it ning n\u00fc\u00fcd 2:2 viik.&#13;\n<\/p>\n<p>Vorm | V\u00f5iks kerkida. Viimase viie m\u00e4ngu l\u00f5ikes on Premium liiga k\u00f5ige kehvem meeskond N\u00f5mme United, kes sai m\u00f5ni tund varem Harju JK Laagri k\u00e4est viienda j\u00e4rjestikuse kaotuse. Vapruse seis pole aga kuigiv\u00f5rd parem, sest neil on viiest viimasest m\u00e4ngust ainult kaks viigipunkti.&#13;\n<\/p>\n<p><a href=\"https:\/\/soccernet.ee\/fotod\/pl-fc-kuressaare-parnu-jk-vaprus10\" rel=\"nofollow noopener\" target=\"_blank\"><img decoding=\"async\" src=\"https:\/\/www.europesays.com\/ee\/wp-content\/uploads\/2026\/08\/1788023901.jpg\" alt=\"Foto: Allan Mehik\"\/><\/a>&#13;\n<\/p>\n<p>Vahepeal kaks v\u00e4\u00e4rt v\u00f5itu saanud Kuressaarele ei sobinud viik \u00fclem\u00e4\u00e4ra h\u00e4sti seet\u00f5ttu, et nad j\u00e4\u00e4vad Vaprusest endiselt kolme punktiga maha, ehkki on n\u00fc\u00fcd v\u00e4hemalt Unitediga samal pulgal. Kahes viimases voorus v\u00f5idur\u00f5\u00f5mu maitsnud Harju rebis pisut eest, aga nemadki edestavad Unitedi-Kuressaare tandemit vaid kuue punktiga, mis pole veel kaugeltki turvaline vahe.<\/p>\n<p>Juba j\u00e4rgmine voor v\u00f5ib asjade seisu taas omajagu muuta, sest Vaprus v\u00f5\u00f5rustab j\u00e4rjekordses &#8220;kuue punkti m\u00e4ngus&#8221; Unitedit, sellal kui Kuressaare v\u00f5tab vastu Narva Transi. Peaks sel hooajal l\u00e4bivalt punase laterna rollis olnud Trans v\u00f5itma, oleks nad Kuressaarest vaid viie punkti kaugusel (ja v\u00f5ib-olla l\u00e4hemalgi, kui suudetakse juba sel p\u00fchap\u00e4eval Tammekalt punkte r\u00f6\u00f6vida). Kui aga v\u00f5idab Kuressaare, oleks nende jaoks tegu hiiglasliku h\u00fcppega v\u00e4hemasti viimasest kohast p\u00e4\u00e4semise poole.&#13;\n<\/p>\n<p>Staar | Sander Kapper. Ehkki kogenud mees raputas endale m\u00e4nguj\u00e4rgses intervjuus k\u00f5vasti tuhka p\u00e4he, oli tema energia paljuski see, mis Vapruse k\u00e4ima t\u00f5mbas ja k\u00e4imas hoidis.&#13;\n<\/p>\n<p>Tsitaat | &#8220;Ma olen piisavalt kaua k\u00f5rgliigas m\u00e4nginud, et selline olukord \u00e4ra lahendada,&#8221; ei j\u00e4\u00e4nud Kapper rahule, et tal ei \u00f5nnestunud Karl-Romet N\u00f5mme v\u00e4\u00e4ratuse j\u00e4rel keskringi l\u00e4histelt v\u00e4ravat l\u00fc\u00fca.&#13;<\/p>\n","protected":false},"excerpt":{"rendered":"&#13; Tabeli teise poole t\u00e4htsas duellis leppisid Kuressaare ja P\u00e4rnu Vaprus 2:2 viiki, mis ei r\u00f5\u00f5mustanud \u00f5ieti kumbagi.&hellip;\n","protected":false},"author":2,"featured_media":263921,"comment_status":"","ping_status":"","sticky":false,"template":"","format":"standard","meta":{"footnotes":"","_share_on_mastodon":"0"},"categories":[18],"tags":[37,33,35,34,36,451,456,1621,167,159,158,1622],"class_list":["post-263920","post","type-post","status-publish","format-standard","has-post-thumbnail","category-sport","tag-ee","tag-eesti","tag-eesti-keel","tag-estonia","tag-estonian","tag-fc-kuressaare","tag-kuressaare","tag-parnu-vaprus","tag-premium-liiga","tag-sport","tag-sports","tag-vaprus"],"share_on_mastodon":{"url":"https:\/\/pubeurope.com\/@ee\/117180837993557234","error":""},"_links":{"self":[{"href":"https:\/\/www.europesays.com\/ee\/wp-json\/wp\/v2\/posts\/263920","targetHints":{"allow":["GET"]}}],"collection":[{"href":"https:\/\/www.europesays.com\/ee\/wp-json\/wp\/v2\/posts"}],"about":[{"href":"https:\/\/www.europesays.com\/ee\/wp-json\/wp\/v2\/types\/post"}],"author":[{"embeddable":true,"href":"https:\/\/www.europesays.com\/ee\/wp-json\/wp\/v2\/users\/2"}],"replies":[{"embeddable":true,"href":"https:\/\/www.europesays.com\/ee\/wp-json\/wp\/v2\/comments?post=263920"}],"version-history":[{"count":0,"href":"https:\/\/www.europesays.com\/ee\/wp-json\/wp\/v2\/posts\/263920\/revisions"}],"wp:featuredmedia":[{"embeddable":true,"href":"https:\/\/www.europesays.com\/ee\/wp-json\/wp\/v2\/media\/263921"}],"wp:attachment":[{"href":"https:\/\/www.europesays.com\/ee\/wp-json\/wp\/v2\/media?parent=263920"}],"wp:term":[{"taxonomy":"category","embeddable":true,"href":"https:\/\/www.europesays.com\/ee\/wp-json\/wp\/v2\/categories?post=263920"},{"taxonomy":"post_tag","embeddable":true,"href":"https:\/\/www.europesays.com\/ee\/wp-json\/wp\/v2\/tags?post=263920"}],"curies":[{"name":"wp","href":"https:\/\/api.w.org\/{rel}","templated":true}]}}