{"id":263932,"date":"2026-08-29T21:28:16","date_gmt":"2026-08-29T21:28:16","guid":{"rendered":"https:\/\/www.europesays.com\/ee\/263932\/"},"modified":"2026-08-29T21:28:16","modified_gmt":"2026-08-29T21:28:16","slug":"varav-palumets-kavaldas-endise-koduklubi-keerulisest-karistusloogist-ule-soccernet-ee-2","status":"publish","type":"post","link":"https:\/\/www.europesays.com\/ee\/263932\/","title":{"rendered":"V\u00e4rav! Palumets kavaldas endise koduklubi keerulisest karistusl\u00f6\u00f6gist \u00fcle &#8211; Soccernet.ee"},"content":{"rendered":"<p><img decoding=\"async\" src=\"https:\/\/www.europesays.com\/ee\/wp-content\/uploads\/2026\/08\/1788038896_232_1784444265.jpg\" alt=\"Kevor Palumets. Foto: Liisi Troska \/ jalgpall.ee\"\/>&#13;\n<\/p>\n<p>Kevor Palumets oli kolmandat vooru j\u00e4rjest resultatiivne, skoorides sedapuhku endise koduklubi v\u00f5rku kaugest ja kavalast karistusl\u00f6\u00f6gist.<\/p>\n<p>Eelmise aasta alguses Slovakkiasse kolinud Kevor Palumets vahetas sel suvel klubi, kui j\u00e4ttis Podbrezova \u017deleziarnega h\u00fcvasti ja l\u00f5i k\u00e4ed FK Ko\u0161icega. Kui Podbrezovaga l\u00e4ks tal h\u00e4sti &#8211; Palumets kinnitas keskv\u00e4ljal kanda ja lisas viie v\u00e4rava sekka lausa 11 v\u00e4ravas\u00f6\u00f6tu &#8211; siis Ko\u0161ices sujub vaat et sama h\u00e4sti. P\u00e4rast kahte &#8220;kuiva&#8221; esimest kohtumist sai Palumets jala valgeks, kui skooris karistusalast p\u00e4ris terava nurga alt. J\u00e4rgmises m\u00e4ngus lisas ta oma saldosse v\u00e4ravas\u00f6\u00f6du.&#13;\n<\/p>\n<p>N\u00fc\u00fcd j\u00e4tkas Eesti koondise keskv\u00e4ljamees jada suurep\u00e4rase karistusl\u00f6\u00f6giga. M\u00e4ngus endise koduklubi Podbrezova vastu astus ta 41. minutil \u00fcsna k\u00fcljejoone k\u00f5rval palli taha, et lasta see tsenderdusena kasti. Palumets m\u00f5\u00f5tis v\u00e4lja aga sedav\u00f5rd kavala palli, et see p\u00f5rkas viiekastis enne vigastuse t\u00f5ttu v\u00e4rskelt sekkunud v\u00e4ravavahti maha ja maandus v\u00f5rgus. Nagu kombeks, siis t\u00e4histust ei j\u00e4rgnenud.&#13;\n<\/p>\n<p><a href=\"https:\/\/www.nikeliga.sk\/zapas\/2841-pod-kos\" target=\"_blank\" rel=\"nofollow noopener\">Palumetsa v\u00e4rava leiab siit (videos algusega 00:14).<\/a><\/p>\n<p>Sellega avas Ko\u0161ice m\u00e4ngu skoori ja veel enne vaheaega l\u00f5i veel \u00fche v\u00e4rava. Podbrezova vastas kiirelt peale pausi ja viigistas 64. minutil. Viimase veerandtunni pidi Ko\u0161ice punase kaardi t\u00f5ttu v\u00e4hemuses vastu pidama. 83. minutil toodi v\u00e4rskeid jalgu ka Palumetsa arvelt.&#13;\n<\/p>\n<p>2:2 viigist punkti teeninud Ko\u0161ice on hetkel Slovakkia k\u00f5rgliiga keskmik, Podbrezoval on m\u00f5ni punkt enam.<\/p>\n","protected":false},"excerpt":{"rendered":"&#13; Kevor Palumets oli kolmandat vooru j\u00e4rjest resultatiivne, skoorides sedapuhku endise koduklubi v\u00f5rku kaugest ja kavalast karistusl\u00f6\u00f6gist. Eelmise&hellip;\n","protected":false},"author":2,"featured_media":263933,"comment_status":"","ping_status":"","sticky":false,"template":"","format":"standard","meta":{"footnotes":"","_share_on_mastodon":"0"},"categories":[18],"tags":[37,33,35,34,36,918,88316,10105,10106,1350,159,158],"class_list":["post-263932","post","type-post","status-publish","format-standard","has-post-thumbnail","category-sport","tag-ee","tag-eesti","tag-eesti-keel","tag-estonia","tag-estonian","tag-kevor-palumets","tag-kosice","tag-palumets","tag-podbrezova","tag-slovakkia","tag-sport","tag-sports"],"share_on_mastodon":{"url":"https:\/\/pubeurope.com\/@ee\/117180924466641194","error":""},"_links":{"self":[{"href":"https:\/\/www.europesays.com\/ee\/wp-json\/wp\/v2\/posts\/263932","targetHints":{"allow":["GET"]}}],"collection":[{"href":"https:\/\/www.europesays.com\/ee\/wp-json\/wp\/v2\/posts"}],"about":[{"href":"https:\/\/www.europesays.com\/ee\/wp-json\/wp\/v2\/types\/post"}],"author":[{"embeddable":true,"href":"https:\/\/www.europesays.com\/ee\/wp-json\/wp\/v2\/users\/2"}],"replies":[{"embeddable":true,"href":"https:\/\/www.europesays.com\/ee\/wp-json\/wp\/v2\/comments?post=263932"}],"version-history":[{"count":0,"href":"https:\/\/www.europesays.com\/ee\/wp-json\/wp\/v2\/posts\/263932\/revisions"}],"wp:featuredmedia":[{"embeddable":true,"href":"https:\/\/www.europesays.com\/ee\/wp-json\/wp\/v2\/media\/263933"}],"wp:attachment":[{"href":"https:\/\/www.europesays.com\/ee\/wp-json\/wp\/v2\/media?parent=263932"}],"wp:term":[{"taxonomy":"category","embeddable":true,"href":"https:\/\/www.europesays.com\/ee\/wp-json\/wp\/v2\/categories?post=263932"},{"taxonomy":"post_tag","embeddable":true,"href":"https:\/\/www.europesays.com\/ee\/wp-json\/wp\/v2\/tags?post=263932"}],"curies":[{"name":"wp","href":"https:\/\/api.w.org\/{rel}","templated":true}]}}