{"id":263940,"date":"2026-08-29T21:41:13","date_gmt":"2026-08-29T21:41:13","guid":{"rendered":"https:\/\/www.europesays.com\/ee\/263940\/"},"modified":"2026-08-29T21:41:13","modified_gmt":"2026-08-29T21:41:13","slug":"tusk-vene-ohust-jargmised-kuus-kuud-saavad-otsustavaks","status":"publish","type":"post","link":"https:\/\/www.europesays.com\/ee\/263940\/","title":{"rendered":"Tusk Vene ohust: j\u00e4rgmised kuus kuud saavad otsustavaks"},"content":{"rendered":"<p><img decoding=\"async\" src=\"https:\/\/www.europesays.com\/ee\/wp-content\/uploads\/2026\/08\/9c2cd146-f807-496c-870d-355d0b8a00d7.jpg\" loading=\"lazy\" alt=\"\u201eMe teame, et Venemaa valmistub v\u00e4ga t\u00f5siselt pingete eskaleerimiseks \u2013 nii s\u00f5jas Ukrainaga kui ka kogu piirkonnas \u2013 ning et t\u00e4navune s\u00fcgis ja talv peaksid saama Venemaa jaoks otsustavaks,\u201c hoiatas Poola peaminister Donald Tusk.\"\/><\/p>\n<p>\u201eMe teame, et Venemaa valmistub v\u00e4ga t\u00f5siselt pingete eskaleerimiseks \u2013 nii s\u00f5jas Ukrainaga kui ka kogu piirkonnas \u2013 ning et t\u00e4navune s\u00fcgis ja talv peaksid saama Venemaa jaoks otsustavaks,\u201c hoiatas Poola peaminister Donald Tusk.<\/p>\n<p>FOTO: ADAM WARZAWA| EPA<\/p>\n<p>Poola peaminister Donald Tusk hoiatas p\u00e4rast vestlust NATO peasekret\u00e4ri Mark Ruttega, et Venemaa j\u00e4tkab olukorra teravdamist. Tema s\u00f5nul peab allianss valmistuma erinevateks stsenaariumideks ning v\u00e4listada ei saa ka Venemaa provokatsiooni m\u00f5ne NATO liikmesriigi vastu.<\/p>\n","protected":false},"excerpt":{"rendered":"\u201eMe teame, et Venemaa valmistub v\u00e4ga t\u00f5siselt pingete eskaleerimiseks \u2013 nii s\u00f5jas Ukrainaga kui ka kogu piirkonnas \u2013&hellip;\n","protected":false},"author":2,"featured_media":263941,"comment_status":"","ping_status":"","sticky":false,"template":"","format":"standard","meta":{"footnotes":"","_share_on_mastodon":"0"},"categories":[80],"tags":[26,27,6480,2213,37,33,35,34,36,31,32,9251,21,28,29,95,3614,54,19,25,107,23,24,22,20,96,30,92,93,94],"class_list":["post-263940","post","type-post","status-publish","format-standard","has-post-thumbnail","category-maailm","tag-breaking-news","tag-breakingnews","tag-cia","tag-donald-tusk","tag-ee","tag-eesti","tag-eesti-keel","tag-estonia","tag-estonian","tag-featured-news","tag-featurednews","tag-fsb","tag-headlines","tag-latest-news","tag-latestnews","tag-maailm","tag-mark-rutte","tag-nato","tag-news","tag-populaarseimad-lood","tag-soda-ukrainas","tag-top-stories","tag-topstories","tag-uldised-uudised","tag-uudised","tag-venemaa","tag-viimased-uudised","tag-world","tag-world-news","tag-worldnews"],"share_on_mastodon":{"url":"https:\/\/pubeurope.com\/@ee\/117180975701369574","error":""},"_links":{"self":[{"href":"https:\/\/www.europesays.com\/ee\/wp-json\/wp\/v2\/posts\/263940","targetHints":{"allow":["GET"]}}],"collection":[{"href":"https:\/\/www.europesays.com\/ee\/wp-json\/wp\/v2\/posts"}],"about":[{"href":"https:\/\/www.europesays.com\/ee\/wp-json\/wp\/v2\/types\/post"}],"author":[{"embeddable":true,"href":"https:\/\/www.europesays.com\/ee\/wp-json\/wp\/v2\/users\/2"}],"replies":[{"embeddable":true,"href":"https:\/\/www.europesays.com\/ee\/wp-json\/wp\/v2\/comments?post=263940"}],"version-history":[{"count":0,"href":"https:\/\/www.europesays.com\/ee\/wp-json\/wp\/v2\/posts\/263940\/revisions"}],"wp:featuredmedia":[{"embeddable":true,"href":"https:\/\/www.europesays.com\/ee\/wp-json\/wp\/v2\/media\/263941"}],"wp:attachment":[{"href":"https:\/\/www.europesays.com\/ee\/wp-json\/wp\/v2\/media?parent=263940"}],"wp:term":[{"taxonomy":"category","embeddable":true,"href":"https:\/\/www.europesays.com\/ee\/wp-json\/wp\/v2\/categories?post=263940"},{"taxonomy":"post_tag","embeddable":true,"href":"https:\/\/www.europesays.com\/ee\/wp-json\/wp\/v2\/tags?post=263940"}],"curies":[{"name":"wp","href":"https:\/\/api.w.org\/{rel}","templated":true}]}}