{"id":263944,"date":"2026-08-29T21:43:14","date_gmt":"2026-08-29T21:43:14","guid":{"rendered":"https:\/\/www.europesays.com\/ee\/263944\/"},"modified":"2026-08-29T21:43:14","modified_gmt":"2026-08-29T21:43:14","slug":"kohutav-vuelta-uldliider-tadej-pogacar-oli-raske-kukkumise-jarel-sunnitud-velotuuri-katkestama-postimees-sport","status":"publish","type":"post","link":"https:\/\/www.europesays.com\/ee\/263944\/","title":{"rendered":"KOHUTAV Vuelta \u00fcldliider Tadej Pogacar oli raske kukkumise j\u00e4rel sunnitud velotuuri katkestama &#8211; Postimees Sport"},"content":{"rendered":"<ol>\n<li><a href=\"https:\/\/news.google.com\/rss\/articles\/CBMiyAFBVV95cUxQYWozaXR4ZWlSNF9UOXFPd0pYVk85TmpqTUVtYWhCZFJPNGdIYlYtNzNCdHNqaWVTUko3aEl3azVkSldFUDlCbUVGVS1YQzBkYV9ZZmRkQ0NRcXhZT3dCZEcwQ2JueENaVjJJNTZucDJFMUlfZDBVWFdycFRrcklzdnJzZjhBWjhmeFFVZWY4YXFvek5WNlZGT3lJeUpLeVI5S3lQbEY1dEprVEVvczJPb2d1cnljOTlkc2h2VVJ5eFR6cU9XMkE3YQ?oc=5\" target=\"_blank\" rel=\"nofollow noopener\">KOHUTAV Vuelta \u00fcldliider Tadej Pogacar oli raske kukkumise j\u00e4rel sunnitud velotuuri katkestama<\/a>&nbsp;&nbsp;Postimees Sport<\/li>\n<li><a href=\"https:\/\/news.google.com\/rss\/articles\/CBMijAFBVV95cUxNVDVfaC1jY19NMllFLVEwVHFOMzNnaGU2WU5OXzl2MnVQeGEtbG9nOFFSOUo3S1dwa09TTlZxS2xJdWdHamxGYVhCXzBRdjhTMFJSZnE4T28xMk1yT0ctRFZyNlFLSTd5M3cwRzVWMmxpR1Q3NEZ2UGw1MjRxX1pTMmxIdXdWdXV2MFRQag?oc=5\" target=\"_blank\" rel=\"nofollow noopener\">\u00dcldliider Pogacar j\u00e4ttis Hispaania velotuuri pooleli<\/a>&nbsp;&nbsp;sport | ERR<\/li>\n<li><a href=\"https:\/\/news.google.com\/rss\/articles\/CBMilwFBVV95cUxQcmxRRnFnenBmRGROVHQ3UG9MeE4tYkVKWlRyS2N1eG55QWVPMF9HV2hKRFJfUHZvY0NjUVBHMURYZXNvNXIyOGlnR1VHc3FRWjdVWVZhc0oxSXNrMTdpYmdnVF9aZjdfVm1tQW91dnF3UkVBV1ZJejF0T1lkMzFtcnF0OHVJSlVGQXZyVUVHUlhmU1c3T29B?oc=5\" target=\"_blank\" rel=\"nofollow noopener\">\u00dcldliider Poga\u010dar pidi Vuelta velotuuri katkestama<\/a>&nbsp;&nbsp;Delfi Sport<\/li>\n<li><a href=\"https:\/\/news.google.com\/rss\/articles\/CBMioAFBVV95cUxNakMzOWZuVlBhQzBUU01ibTF1MVFrVE53OFRQUmI4c1VLR2c4ay1LNVlNUllYeHI2bjNPajlid2NXdVFIb25IQWdWZTdyOGd2a0VJNDRSaWZGc3VGSGVSZzVhQnBieS0yemp1RDNvNV95U1J1QWk3VjAyaEIxMVNpWTMweF9DQk1TVHBmMXVETjRuQURNRDE4N0tvLTJldzhB?oc=5\" target=\"_blank\" rel=\"nofollow noopener\">VIDEO \u27e9 Pogacar s\u00f5itis teelt v\u00e4lja, kuid v\u00f5itis ikkagi Vuelta etapi<\/a>&nbsp;&nbsp;Postimees Sport<\/li>\n<li><a href=\"https:\/\/news.google.com\/rss\/articles\/CBMinwFBVV95cUxOUzBXZHNMZUxYS0xIcmx2dWVLSzVpeGFXSjNhVmZUTjNlajZKVFBJcFpfSnFSWmllb09EMmRTVUsxcVdTamZHbzU2ckh5MUdRVm1wYnNwYlVjV1JsUVRRVVFmcnVfV1FIRWpqRnh5MFZtd09QME9xallzSldxRUo0WE9xRENEVHJUeGZnRll3SlZWSjV3clc2QW9YdlJoN2c?oc=5\" target=\"_blank\" rel=\"nofollow noopener\">Vueltat valitsenud Pogacar katkestas p\u00e4rast rasket kukkumist<\/a>&nbsp;&nbsp;\u00d5htuleht<\/li>\n<\/ol>\n","protected":false},"excerpt":{"rendered":"KOHUTAV Vuelta \u00fcldliider Tadej Pogacar oli raske kukkumise j\u00e4rel sunnitud velotuuri katkestama&nbsp;&nbsp;Postimees Sport \u00dcldliider Pogacar j\u00e4ttis Hispaania velotuuri&hellip;\n","protected":false},"author":2,"featured_media":263945,"comment_status":"","ping_status":"","sticky":false,"template":"","format":"standard","meta":{"footnotes":"","_share_on_mastodon":"0"},"categories":[5],"tags":[1526,26,27,37,33,35,34,36,31,32,1517,21,172,1520,1513,28,29,1514,1518,1524,1515,19,1529,1530,1523,1519,25,1522,1525,1528,1527,159,1535,1534,1521,1532,1533,1230,1531,23,24,22,20,30,1516,1192],"class_list":["post-263944","post","type-post","status-publish","format-standard","has-post-thumbnail","category-uldised-uudised","tag-autoralli","tag-breaking-news","tag-breakingnews","tag-ee","tag-eesti","tag-eesti-keel","tag-estonia","tag-estonian","tag-featured-news","tag-featurednews","tag-finaal","tag-headlines","tag-jalgpall","tag-koondis","tag-korvpall","tag-latest-news","tag-latestnews","tag-liiga","tag-mang","tag-martin-jarveoja","tag-medal","tag-news","tag-olumpia","tag-olumpiamangud","tag-ott-tanak","tag-poks","tag-populaarseimad-lood","tag-postimees-sport","tag-postimees-wrc","tag-spordi-uudised","tag-spordiuudised","tag-sport","tag-suveolumpia","tag-suveolumpiamangud","tag-tiitel","tag-tokio","tag-tokio2020","tag-tokyo","tag-tokyo2020","tag-top-stories","tag-topstories","tag-uldised-uudised","tag-uudised","tag-viimased-uudised","tag-voistlus","tag-wrc"],"share_on_mastodon":{"url":"","error":"Validation failed: Text character limit of 500 exceeded"},"_links":{"self":[{"href":"https:\/\/www.europesays.com\/ee\/wp-json\/wp\/v2\/posts\/263944","targetHints":{"allow":["GET"]}}],"collection":[{"href":"https:\/\/www.europesays.com\/ee\/wp-json\/wp\/v2\/posts"}],"about":[{"href":"https:\/\/www.europesays.com\/ee\/wp-json\/wp\/v2\/types\/post"}],"author":[{"embeddable":true,"href":"https:\/\/www.europesays.com\/ee\/wp-json\/wp\/v2\/users\/2"}],"replies":[{"embeddable":true,"href":"https:\/\/www.europesays.com\/ee\/wp-json\/wp\/v2\/comments?post=263944"}],"version-history":[{"count":0,"href":"https:\/\/www.europesays.com\/ee\/wp-json\/wp\/v2\/posts\/263944\/revisions"}],"wp:featuredmedia":[{"embeddable":true,"href":"https:\/\/www.europesays.com\/ee\/wp-json\/wp\/v2\/media\/263945"}],"wp:attachment":[{"href":"https:\/\/www.europesays.com\/ee\/wp-json\/wp\/v2\/media?parent=263944"}],"wp:term":[{"taxonomy":"category","embeddable":true,"href":"https:\/\/www.europesays.com\/ee\/wp-json\/wp\/v2\/categories?post=263944"},{"taxonomy":"post_tag","embeddable":true,"href":"https:\/\/www.europesays.com\/ee\/wp-json\/wp\/v2\/tags?post=263944"}],"curies":[{"name":"wp","href":"https:\/\/api.w.org\/{rel}","templated":true}]}}