{"id":263950,"date":"2026-08-29T22:03:40","date_gmt":"2026-08-29T22:03:40","guid":{"rendered":"https:\/\/www.europesays.com\/ee\/263950\/"},"modified":"2026-08-29T22:03:40","modified_gmt":"2026-08-29T22:03:40","slug":"ulatuslikum-runnakukatse-saksa-uurijad-leidsid-leipzigi-lennuvalja-lahistelt-veel-uhe-drooni-ja-lohkeainet-maailm-postimees-ee","status":"publish","type":"post","link":"https:\/\/www.europesays.com\/ee\/263950\/","title":{"rendered":"ULATUSLIKUM R\u00dcNNAKUKATSE Saksa uurijad leidsid Leipzigi lennuv\u00e4lja l\u00e4histelt veel \u00fche drooni ja l\u00f5hkeainet &#8211; Maailm &#8211; Postimees.ee"},"content":{"rendered":"<ol>\n<li><a href=\"https:\/\/news.google.com\/rss\/articles\/CBMi2gFBVV95cUxQQ0xFVFFlRmFaVUY1bjFlZWRzNXhGbG55VEFMT21QLWVnOFV5ZGx2N3lPNWZRT0lBa0NLR1hHcGl5WjNFakxHS19yMFg4X0s0S3Bqcnk4aHJkeUhNamd1U004RGtpa0FZRjJDRE9LSzZLU05MYTJTWENKei04UDFySHdiYTV1bmFWR3RkVjBmY2hSSTE3a3JpcE9yMTQzTDItWDQ4UnNXX1FZT2Fnd0FkaHd4NGhYekZ1dnIzOG9PM1daSlB2VExBSXZ2R1JaalYxN0pGVzU2blBTQQ?oc=5\" target=\"_blank\" rel=\"nofollow noopener\">ULATUSLIKUM R\u00dcNNAKUKATSE Saksa uurijad leidsid Leipzigi lennuv\u00e4lja l\u00e4histelt veel \u00fche drooni ja l\u00f5hkeainet<\/a>&nbsp;&nbsp;Maailm &#8211; Postimees.ee<\/li>\n<li><a href=\"https:\/\/news.google.com\/rss\/articles\/CBMiiAFBVV95cUxObDVFWTdrZndJM281a1lRVVRGbHFta200ZFNlbXlBSHhYUUFPOWM3SDlETEpoMEtXS1N0QzRMbWppRmU5YTFOdmh4UVkzYnI4RUNrX0xEMkhoUll6aVpBVGFMVUp1VDd1SkE5Tm5tU0hycmxjamctZDlDd2JYQWtUaWFFeHBxUGFi0gGOAUFVX3lxTE03dzBoZ09naEhTTWZzS25HWUdnYmFBZU5yNURhWV9KQ01LNEtDRHJpUWlFOEtxa042NUpPWW85WEhGWjlFdDA5OTlZaWhCMnd1UnJENnZCYXNsTURDUk9JZzE3ZXJDVFBTZERjdUdvVm84ZTN6NDNibmxDYzZIQmpNbWFqRXFqazNEVGJzNHc?oc=5\" target=\"_blank\" rel=\"nofollow noopener\">Droonid Saksamaal: h\u00fcbriids\u00f5da v\u00f5i eliidi viimane v\u00f5imalus? &#8211; Uued Uudised<\/a>&nbsp;&nbsp;Uued uudised<\/li>\n<li><a href=\"https:\/\/news.google.com\/rss\/articles\/CBMiwwFBVV95cUxOR3NNaFMzTGtMWUFfNHkwbFJXYVduZlF1ZzF0Mm9Ebl9tWFRVM09pWmJsTEwzMjJDZU9fbFV1bjZrdllzejk4akhsWXN2eTRxR3FNYzB5Zjh1UzV6aFdkVWV4NGJXa1FuVEZLaFYxRWtFa1V4a2hLbkdBS1JocFA1MXlhMTBuTkNtVFVWdXhfT3dsUDZySHQ3SDk1NUt2V3VycEFYb1RUa0NqTjg3bzdOVkFVQk1taV9NWVhyNDRaOXgxbDQ?oc=5\" target=\"_blank\" rel=\"nofollow noopener\">Leipzigi lennujaama droonir\u00fcnnak sai uue p\u00f6\u00f6rde: uurijad leidsid kolmanda drooni ja l\u00f5hkeainet<\/a>&nbsp;&nbsp;\u00d5htuleht<\/li>\n<\/ol>\n","protected":false},"excerpt":{"rendered":"ULATUSLIKUM R\u00dcNNAKUKATSE Saksa uurijad leidsid Leipzigi lennuv\u00e4lja l\u00e4histelt veel \u00fche drooni ja l\u00f5hkeainet&nbsp;&nbsp;Maailm &#8211; Postimees.ee Droonid Saksamaal: h\u00fcbriids\u00f5da&hellip;\n","protected":false},"author":2,"featured_media":263951,"comment_status":"","ping_status":"","sticky":false,"template":"","format":"standard","meta":{"footnotes":"","_share_on_mastodon":"0"},"categories":[80],"tags":[26,27,22678,884,37,33,35,34,36,31,32,21,102323,28,29,97160,102321,95,19,25,102324,102322,23,24,22,20,57081,30,92,93,94],"class_list":["post-263950","post","type-post","status-publish","format-standard","has-post-thumbnail","category-maailm","tag-breaking-news","tag-breakingnews","tag-dhl","tag-droonirunnak","tag-ee","tag-eesti","tag-eesti-keel","tag-estonia","tag-estonian","tag-featured-news","tag-featurednews","tag-headlines","tag-heksogeen","tag-latest-news","tag-latestnews","tag-leipzig-halle-lennujaam","tag-lohkeainega-droon","tag-maailm","tag-news","tag-populaarseimad-lood","tag-saksamaa-foderaalprokuratuur","tag-saksamaa-kriminaalpolitsei","tag-top-stories","tag-topstories","tag-uldised-uudised","tag-uudised","tag-venemaa-luureteenistused","tag-viimased-uudised","tag-world","tag-world-news","tag-worldnews"],"share_on_mastodon":{"url":"","error":"Validation failed: Text character limit of 500 exceeded"},"_links":{"self":[{"href":"https:\/\/www.europesays.com\/ee\/wp-json\/wp\/v2\/posts\/263950","targetHints":{"allow":["GET"]}}],"collection":[{"href":"https:\/\/www.europesays.com\/ee\/wp-json\/wp\/v2\/posts"}],"about":[{"href":"https:\/\/www.europesays.com\/ee\/wp-json\/wp\/v2\/types\/post"}],"author":[{"embeddable":true,"href":"https:\/\/www.europesays.com\/ee\/wp-json\/wp\/v2\/users\/2"}],"replies":[{"embeddable":true,"href":"https:\/\/www.europesays.com\/ee\/wp-json\/wp\/v2\/comments?post=263950"}],"version-history":[{"count":0,"href":"https:\/\/www.europesays.com\/ee\/wp-json\/wp\/v2\/posts\/263950\/revisions"}],"wp:featuredmedia":[{"embeddable":true,"href":"https:\/\/www.europesays.com\/ee\/wp-json\/wp\/v2\/media\/263951"}],"wp:attachment":[{"href":"https:\/\/www.europesays.com\/ee\/wp-json\/wp\/v2\/media?parent=263950"}],"wp:term":[{"taxonomy":"category","embeddable":true,"href":"https:\/\/www.europesays.com\/ee\/wp-json\/wp\/v2\/categories?post=263950"},{"taxonomy":"post_tag","embeddable":true,"href":"https:\/\/www.europesays.com\/ee\/wp-json\/wp\/v2\/tags?post=263950"}],"curies":[{"name":"wp","href":"https:\/\/api.w.org\/{rel}","templated":true}]}}