{"id":263968,"date":"2026-08-30T01:54:24","date_gmt":"2026-08-30T01:54:24","guid":{"rendered":"https:\/\/www.europesays.com\/ee\/263968\/"},"modified":"2026-08-30T01:54:24","modified_gmt":"2026-08-30T01:54:24","slug":"palaceile-kaks-varavat-virutanud-cherki-ma-olin-vaga-stt-maresca-see-on-rayan-soccernet-ee","status":"publish","type":"post","link":"https:\/\/www.europesays.com\/ee\/263968\/","title":{"rendered":"Palace&#8217;ile kaks v\u00e4ravat virutanud Cherki: ma olin v\u00e4ga s*tt (Maresca: see on Rayan &#8230; ) &#8211; Soccernet.ee"},"content":{"rendered":"<p><img decoding=\"async\" src=\"https:\/\/www.europesays.com\/ee\/wp-content\/uploads\/2026\/08\/1788054864_532_1787984706.jpg\" alt=\"Manchester City poolkaitsja Rayan Cherki. Foto: Scanpix \/ Kin Cheung \/ AP Photo\"\/>&#13;\n<\/p>\n<p>Manchester City tegi Premier League&#8217;i teises voorus j\u00f5ulise avalduse, kui 4:1 alistati v\u00f5\u00f5rsil Crystal Palace. Kahe tabamusega s\u00e4rasid nii Erling Haaland kui Rayan Cherki, ent viimane ei j\u00e4\u00e4nud oma esitusega vaatamata tabamustele rahule.<\/p>\n<p>Hooaja teise v\u00f5idu teeninud City sai p\u00fcssi paukuma juba 17. minutil, kui Haaland v\u00f5rgu leidis. Seej\u00e4rel l\u00f5i veidi enne tunni t\u00e4itumist kaks tabamust Cherki ning kohtumise l\u00f5pu eel s\u00e4hvatas taas norrakas. Kohtumise parimaks m\u00e4ngijaks valitud Cherki j\u00e4i aga enda esituse suhtes kriitiliseks.\u00a0&#13;\n<\/p>\n<p>&#8220;Minu esitus oli nii ja naa. Esimesel poolajal ei leidnud me v\u00f5imalusi ja ma m\u00e4ngisin nii s*tasti,&#8221; \u00fctles Cherki kohtumise j\u00e4rel Sky Sportsile.\u00a0&#8220;Kui n\u00e4gin, et Enzo [Maresca] tahab mind v\u00e4lja vahetada, ei meeldinud see mulle. Pidin neile n\u00e4itama, et tahan m\u00e4ngida, tahan v\u00e4ravaid l\u00fc\u00fca ja tahan Erlingule v\u00e4ravas\u00f6\u00f6du anda,&#8221; j\u00e4tkas Cherki. &#8220;T\u00e4na ei andnud ma talle eriti palju palle, seega tahan j\u00e4rgmine kord talle neid rohkem anda.&#8221;&#13;\n<\/p>\n<p>Prantslasest poolkaitsja esimene v\u00e4rav s\u00fcndis suurep\u00e4rase individuaalse soorituse j\u00e4rel ning teise tabamuse virutas ta v\u00f5rku kaugl\u00f6\u00f6giga.\u00a0&#8220;Olen v\u00f5idu \u00fcle v\u00e4ga \u00f5nnelik. Kohtume j\u00e4rgmisel n\u00e4dalal uuesti! Pepiga [Guardiola] oli meil suur lugu, aga n\u00fc\u00fcd alustame uut lugu. Tahame ennast t\u00f5estada ja oleme selleks siin.&#8221;<\/p>\n<blockquote class=\"twitter-tweet\"><p>&#13;<\/p>\n<p lang=\"ht\" dir=\"ltr\">Rayan Cherki is a magician \ud83e\ude84 <a href=\"https:\/\/t.co\/PDCl8niogN\" rel=\"nofollow\">pic.twitter.com\/PDCl8niogN<\/a>&#13;<br \/>\n\u2014 Premier League (@premierleague) <a href=\"https:\/\/x.com\/premierleague\/status\/2093473956741177835?ref_src=twsrc%5Etfw\" rel=\"nofollow\">August 28, 2026<\/a><\/p>\n<\/blockquote>\n<p>City loots Enzo Maresca\u00a0hinnangul ei esinenud Cherki avapoolajal t\u00f5epoolest oma tavap\u00e4rasel tasemel. &#8220;Ta on \u00f5nnelik. Tema esitus oli v\u00e4ga hea \u2013 mitte kahe v\u00e4rava p\u00e4rast, vaid seet\u00f5ttu, kuidas ta ilma pallita t\u00f6\u00f6tas. Ta pidi k\u00f5vasti pressingut tegema. Kui Palace&#8217;il oli pall, vastutas ta [Adam] Whartoni eest. Tema esitus oli terviklik nii palliga kui ka pallita.&#8221;&#13;\n<\/p>\n<p>&#8220;Ta armastab jalgpalli, mist\u00f5ttu on temaga palju lihtsam t\u00f6\u00f6tada. Ta on Rayan, seega me teame, kui hea ta on ja milline kvaliteet tal on. Praegu aitab ta meeskonda v\u00e4ravas\u00f6\u00f6tude ja v\u00e4ravatega ning pole kahtlustki, et ta teeb seda ka tulevikus,&#8221; j\u00e4tkas Guardiolalt teatepulga \u00fcle v\u00f5tnud Maresca.\u00a0&#13;\n<\/p>\n<p>City alustas hooaega 2:1 v\u00f5iduga Bournemouthi \u00fcle. Viimatises kohtumises s\u00f5ideti 4:1 \u00fcle Palace&#8217;ist ning j\u00e4rgmises m\u00e4ngus minnakse vastamisi esiliigast k\u00f5rgseltskonda t\u00f5usnud Coventry Cityga.\u00a0<\/p>\n<p>          <script async src=\"https:\/\/platform.twitter.com\/widgets.js\" charset=\"utf-8\"><\/script><\/p>\n","protected":false},"excerpt":{"rendered":"&#13; Manchester City tegi Premier League&#8217;i teises voorus j\u00f5ulise avalduse, kui 4:1 alistati v\u00f5\u00f5rsil Crystal Palace. Kahe tabamusega&hellip;\n","protected":false},"author":2,"featured_media":263969,"comment_status":"","ping_status":"","sticky":false,"template":"","format":"standard","meta":{"footnotes":"","_share_on_mastodon":"0"},"categories":[18],"tags":[47643,6937,37,33,35,18681,34,36,1101,806,6495,1614,1106,808,62213,159,158],"class_list":["post-263968","post","type-post","status-publish","format-standard","has-post-thumbnail","category-sport","tag-cherki","tag-city","tag-ee","tag-eesti","tag-eesti-keel","tag-enzo-maresca","tag-estonia","tag-estonian","tag-inglismaa","tag-inglismaa-korgliiga","tag-manchester","tag-manchester-city","tag-maresca","tag-premier-league","tag-rayan-cherki","tag-sport","tag-sports"],"share_on_mastodon":{"url":"https:\/\/pubeurope.com\/@ee\/117181970332662293","error":""},"_links":{"self":[{"href":"https:\/\/www.europesays.com\/ee\/wp-json\/wp\/v2\/posts\/263968","targetHints":{"allow":["GET"]}}],"collection":[{"href":"https:\/\/www.europesays.com\/ee\/wp-json\/wp\/v2\/posts"}],"about":[{"href":"https:\/\/www.europesays.com\/ee\/wp-json\/wp\/v2\/types\/post"}],"author":[{"embeddable":true,"href":"https:\/\/www.europesays.com\/ee\/wp-json\/wp\/v2\/users\/2"}],"replies":[{"embeddable":true,"href":"https:\/\/www.europesays.com\/ee\/wp-json\/wp\/v2\/comments?post=263968"}],"version-history":[{"count":0,"href":"https:\/\/www.europesays.com\/ee\/wp-json\/wp\/v2\/posts\/263968\/revisions"}],"wp:featuredmedia":[{"embeddable":true,"href":"https:\/\/www.europesays.com\/ee\/wp-json\/wp\/v2\/media\/263969"}],"wp:attachment":[{"href":"https:\/\/www.europesays.com\/ee\/wp-json\/wp\/v2\/media?parent=263968"}],"wp:term":[{"taxonomy":"category","embeddable":true,"href":"https:\/\/www.europesays.com\/ee\/wp-json\/wp\/v2\/categories?post=263968"},{"taxonomy":"post_tag","embeddable":true,"href":"https:\/\/www.europesays.com\/ee\/wp-json\/wp\/v2\/tags?post=263968"}],"curies":[{"name":"wp","href":"https:\/\/api.w.org\/{rel}","templated":true}]}}