{"id":263970,"date":"2026-08-30T01:58:20","date_gmt":"2026-08-30T01:58:20","guid":{"rendered":"https:\/\/www.europesays.com\/ee\/263970\/"},"modified":"2026-08-30T01:58:20","modified_gmt":"2026-08-30T01:58:20","slug":"opositsiooni-arvates-peaks-kaitseminister-pevkur-votma-vastutuse-ja-tagasi-astuma-see-koik-naeb-ikka-vaga-halb-valja","status":"publish","type":"post","link":"https:\/\/www.europesays.com\/ee\/263970\/","title":{"rendered":"Opositsiooni arvates peaks kaitseminister Pevkur v\u00f5tma vastutuse ja tagasi astuma: see k\u00f5ik n\u00e4eb ikka v\u00e4ga halb v\u00e4lja"},"content":{"rendered":"<p>Auditis tuvastas riigikontroll j\u00e4lle kaitseministeeriumi valitsemisala asutuste tegevuses hulgaliselt t\u00f5siseid probleeme, mis suurendavad riigi raha ja vara kuritarvitamise riski. J\u00e4lle, <a rel=\"noopener follow nofollow\" target=\"_blank\" href=\"https:\/\/www.delfi.ee\/artikkel\/120401169\/riigikontrolor-kaitseministeeriumi-ametnikest-vaatas-vastu-ebakompetentsus-kantsler-ei-nae-pohjust-tagasi-astuda\" data-rel-date-range=\"[]\">kuna alles eelmisel s\u00fcgisel avaldas <\/a>riigikontroll samuti kriitilise raporti kaitsevaldkonna rahaasjadest.<\/p>\n<p>Kaitseminister leiab, et rahaasjad ei ole kaitsevaldkonnas k\u00e4est \u00e4ra. Seejuures t\u00e4nas ta riigikontrolli auditi eest. Pevkur r\u00f5hutas, et k\u00f5ik, mida Eesti maksumaksja on suunanud riigikaitsesse, on l\u00e4inud riigikaitse ja kaitsev\u00f5ime parandamiseks. \u201eMis puudutab raamatupidamist ja arvelev\u00f5tmist, siis siin on loomulikult vaja ka kinnitada riigikontrollile, Eesti rahvale, et asjad on korras,\u201c lausus ta.<\/p>\n<p><a href=\"https:\/\/www.delfi.ee\/artikkel\/120606837\/opositsiooni-arvates-peaks-kaitseminister-pevkur-votma-vastutuse-ja-tagasi-astuma-see-koik-naeb-ikka-vaga-halb-valja\/kommentaarid\" class=\"button button--primary button--size-auto article-body-bottom__comment article-body-bottom__comment--write\" style=\"\" rel=\"nofollow noopener\" target=\"_blank\">Kommenteeri<\/a><a href=\"https:\/\/www.delfi.ee\/artikkel\/120606837\/opositsiooni-arvates-peaks-kaitseminister-pevkur-votma-vastutuse-ja-tagasi-astuma-see-koik-naeb-ikka-vaga-halb-valja\/kommentaarid\" class=\"button button--size-auto article-body-bottom__comment article-body-bottom__comment--read\" style=\"\" rel=\"nofollow noopener\" target=\"_blank\">Loe kommentaare (116)<\/a><\/p>\n","protected":false},"excerpt":{"rendered":"Auditis tuvastas riigikontroll j\u00e4lle kaitseministeeriumi valitsemisala asutuste tegevuses hulgaliselt t\u00f5siseid probleeme, mis suurendavad riigi raha ja vara kuritarvitamise&hellip;\n","protected":false},"author":2,"featured_media":263971,"comment_status":"","ping_status":"","sticky":false,"template":"","format":"standard","meta":{"footnotes":"","_share_on_mastodon":"0"},"categories":[5],"tags":[687,679,667,26,27,673,688,663,662,37,33,35,684,683,692,34,36,31,32,208,148,21,206,668,669,381,686,677,694,691,339,680,28,29,671,672,377,690,144,678,665,19,693,676,666,25,322,664,150,695,685,159,394,682,674,675,23,24,689,222,22,20,670,681,149,30],"class_list":["post-263970","post","type-post","status-publish","format-standard","has-post-thumbnail","category-uldised-uudised","tag-ajaviide","tag-autoleht","tag-blog","tag-breaking-news","tag-breakingnews","tag-cv","tag-date","tag-defli","tag-delfi","tag-ee","tag-eesti","tag-eesti-keel","tag-ekaart","tag-email","tag-erootika","tag-estonia","tag-estonian","tag-featured-news","tag-featurednews","tag-film","tag-foto","tag-headlines","tag-horoskoop","tag-ilm","tag-ilmaennustus","tag-internet","tag-kaart","tag-kava","tag-kindlustus","tag-kinnisvara","tag-kuulutused","tag-lasteleht","tag-latest-news","tag-latestnews","tag-loto","tag-majandus","tag-mangud","tag-mobiil","tag-muusika","tag-naisteleht","tag-naljad","tag-news","tag-otsing","tag-pank","tag-pilt","tag-populaarseimad-lood","tag-raadio","tag-reklaam","tag-seks","tag-sms","tag-solo","tag-sport","tag-tarkvara","tag-tasuta","tag-too","tag-toopakkumised","tag-top-stories","tag-topstories","tag-tutvus","tag-tv","tag-uldised-uudised","tag-uudised","tag-valimised","tag-valuuta","tag-video","tag-viimased-uudised"],"share_on_mastodon":{"url":"","error":"Validation failed: Text character limit of 500 exceeded"},"_links":{"self":[{"href":"https:\/\/www.europesays.com\/ee\/wp-json\/wp\/v2\/posts\/263970","targetHints":{"allow":["GET"]}}],"collection":[{"href":"https:\/\/www.europesays.com\/ee\/wp-json\/wp\/v2\/posts"}],"about":[{"href":"https:\/\/www.europesays.com\/ee\/wp-json\/wp\/v2\/types\/post"}],"author":[{"embeddable":true,"href":"https:\/\/www.europesays.com\/ee\/wp-json\/wp\/v2\/users\/2"}],"replies":[{"embeddable":true,"href":"https:\/\/www.europesays.com\/ee\/wp-json\/wp\/v2\/comments?post=263970"}],"version-history":[{"count":0,"href":"https:\/\/www.europesays.com\/ee\/wp-json\/wp\/v2\/posts\/263970\/revisions"}],"wp:featuredmedia":[{"embeddable":true,"href":"https:\/\/www.europesays.com\/ee\/wp-json\/wp\/v2\/media\/263971"}],"wp:attachment":[{"href":"https:\/\/www.europesays.com\/ee\/wp-json\/wp\/v2\/media?parent=263970"}],"wp:term":[{"taxonomy":"category","embeddable":true,"href":"https:\/\/www.europesays.com\/ee\/wp-json\/wp\/v2\/categories?post=263970"},{"taxonomy":"post_tag","embeddable":true,"href":"https:\/\/www.europesays.com\/ee\/wp-json\/wp\/v2\/tags?post=263970"}],"curies":[{"name":"wp","href":"https:\/\/api.w.org\/{rel}","templated":true}]}}