{"id":263992,"date":"2026-08-30T04:20:24","date_gmt":"2026-08-30T04:20:24","guid":{"rendered":"https:\/\/www.europesays.com\/ee\/263992\/"},"modified":"2026-08-30T04:20:24","modified_gmt":"2026-08-30T04:20:24","slug":"appi-taid-%e2%9f%a9-mari-ojasaar-parve-pere-reisijargne-hommik-algas-korraliku-torjeoperatsiooniga","status":"publish","type":"post","link":"https:\/\/www.europesays.com\/ee\/263992\/","title":{"rendered":"APPI, T\u00c4ID! \u27e9 Mari Ojasaar-Parve pere reisij\u00e4rgne hommik algas korraliku t\u00f5rjeoperatsiooniga"},"content":{"rendered":"<p>Itaalia-reisilt naasnud Mari Ojasaar-Parvet ootas kodumaal ees ootamatu ja \u00e4\u00e4rmiselt ebameeldiv avastus. \u00abPolnud kahtlustki, et ka minul need on,\u00bb t\u00f5des sisulooja, kelle pere hommik algas korraliku t\u00e4it\u00f5rjega.<\/p>\n<p>Mari Ojasaar-Parve jagas laup\u00e4eval Instagramis, et on viimasel ajal s\u00f5pradelt \u00fcha enam kuulnud soovi n\u00e4ha sotsiaalmeedias ka p\u00e4riselu, mitte \u00fcksnes selle ilusamat poolt.<\/p>\n","protected":false},"excerpt":{"rendered":"Itaalia-reisilt naasnud Mari Ojasaar-Parvet ootas kodumaal ees ootamatu ja \u00e4\u00e4rmiselt ebameeldiv avastus. \u00abPolnud kahtlustki, et ka minul need&hellip;\n","protected":false},"author":2,"featured_media":263993,"comment_status":"","ping_status":"","sticky":false,"template":"","format":"standard","meta":{"footnotes":"","_share_on_mastodon":"0"},"categories":[12],"tags":[26,27,37,33,35,34,36,31,32,21,5922,102556,48091,28,29,28974,19,102557,25,102554,102555,23,24,22,20,30],"class_list":["post-263992","post","type-post","status-publish","format-standard","has-post-thumbnail","category-eesti","tag-breaking-news","tag-breakingnews","tag-ee","tag-eesti","tag-eesti-keel","tag-estonia","tag-estonian","tag-featured-news","tag-featurednews","tag-headlines","tag-instagram","tag-itaalia-reis","tag-jesper-parve","tag-latest-news","tag-latestnews","tag-mari-ojasaar-parve","tag-news","tag-pereelu-meedias","tag-populaarseimad-lood","tag-taid","tag-taitorje","tag-top-stories","tag-topstories","tag-uldised-uudised","tag-uudised","tag-viimased-uudised"],"share_on_mastodon":{"url":"https:\/\/pubeurope.com\/@ee\/117182544369786235","error":""},"_links":{"self":[{"href":"https:\/\/www.europesays.com\/ee\/wp-json\/wp\/v2\/posts\/263992","targetHints":{"allow":["GET"]}}],"collection":[{"href":"https:\/\/www.europesays.com\/ee\/wp-json\/wp\/v2\/posts"}],"about":[{"href":"https:\/\/www.europesays.com\/ee\/wp-json\/wp\/v2\/types\/post"}],"author":[{"embeddable":true,"href":"https:\/\/www.europesays.com\/ee\/wp-json\/wp\/v2\/users\/2"}],"replies":[{"embeddable":true,"href":"https:\/\/www.europesays.com\/ee\/wp-json\/wp\/v2\/comments?post=263992"}],"version-history":[{"count":0,"href":"https:\/\/www.europesays.com\/ee\/wp-json\/wp\/v2\/posts\/263992\/revisions"}],"wp:featuredmedia":[{"embeddable":true,"href":"https:\/\/www.europesays.com\/ee\/wp-json\/wp\/v2\/media\/263993"}],"wp:attachment":[{"href":"https:\/\/www.europesays.com\/ee\/wp-json\/wp\/v2\/media?parent=263992"}],"wp:term":[{"taxonomy":"category","embeddable":true,"href":"https:\/\/www.europesays.com\/ee\/wp-json\/wp\/v2\/categories?post=263992"},{"taxonomy":"post_tag","embeddable":true,"href":"https:\/\/www.europesays.com\/ee\/wp-json\/wp\/v2\/tags?post=263992"}],"curies":[{"name":"wp","href":"https:\/\/api.w.org\/{rel}","templated":true}]}}