{"id":264024,"date":"2026-08-30T06:18:12","date_gmt":"2026-08-30T06:18:12","guid":{"rendered":"https:\/\/www.europesays.com\/ee\/264024\/"},"modified":"2026-08-30T06:18:12","modified_gmt":"2026-08-30T06:18:12","slug":"karmilt-kukkunud-pogacar-peab-minema-operatsioonile-jalgrattasport","status":"publish","type":"post","link":"https:\/\/www.europesays.com\/ee\/264024\/","title":{"rendered":"Karmilt kukkunud Pogacar peab minema operatsioonile | Jalgrattasport"},"content":{"rendered":"<p>Hispaania velotuuri kaheksandat etappi \u00fcldliidrina alustanud, kuid raskelt kukkunud ja Vuelta pooleli j\u00e4tnud Tadej Pogacar (UAE Team Emirates) peab minema noa alla.<\/p>\n<p>Grupp valmistus laup\u00e4eval 30 km enne kaheksanda etapi fini\u0161it p\u00e4eva ainsaks kategoriseeritud t\u00f5usuks, kui \u00fcsna tee \u00e4\u00e4rde oli sattunud kivi. Grupi pea suutis kivist m\u00f6\u00f6duda, aga kiirused olid piisavalt k\u00f5rged, et info ei j\u00f5udnud j\u00e4rgmisteni ja nii s\u00f5itis Pogacar kivile otsa, p\u00f5rkas vastu Visma ratturit Ben Tuletti ja kukkus siis koos temaga.<\/p>\n<p>Sloveenia rattat\u00e4ht sai vasakule k\u00fcljele ja n\u00e4ole tugevaid marrastusi ning kuigi ta \u00fcritas esmalt uuesti ratta selga ronida, istus ta seej\u00e4rel maha ja v\u00f5ttis varsti kiivri peast. Nii peab kindla \u00fcldv\u00f5idu poole s\u00f5itnud Pogacar oma esimest Vuelta tiitlit jahtima j\u00e4rgmistel aastatel.<\/p>\n<p>Laup\u00e4eva \u00f5htul avaldas UAE, et Pogacar murdis kukkumise tagaj\u00e4rjel rangluu ja ka seitsmenda ehk k\u00f5ige alumise kaelal\u00fcli. Rangluumurd vajab operatsiooni, mis peab aga ootama, sest peap\u00f5rutuse t\u00f5ttu ei saa sloveen kohe noa alla minna. Pogacari jaoks t\u00e4hendab see hooaja l\u00f5ppu: p\u00e4rast Vueltat oleks ta stardijoonel olnud ka 20. septembril algavatel maailmameistriv\u00f5istlustel.<\/p>\n<p>\u00dcldliidri katkestamise j\u00e4rel t\u00f5usis Hispaania velotuuri \u00fcldliidriks Enric Mas (Movistar), kes edestab \u00fche minutiga sloveeni Primo\u017e Roglicit (Red Bull &#8211; BORA &#8211; hansgrohe). Kohalik mees v\u00f5itis Vuelta viimati 2014. aastal, kui sellega sai hakkama Alberto Contador.<\/p>\n","protected":false},"excerpt":{"rendered":"Hispaania velotuuri kaheksandat etappi \u00fcldliidrina alustanud, kuid raskelt kukkunud ja Vuelta pooleli j\u00e4tnud Tadej Pogacar (UAE Team Emirates)&hellip;\n","protected":false},"author":2,"featured_media":264025,"comment_status":"","ping_status":"","sticky":false,"template":"","format":"standard","meta":{"footnotes":"","_share_on_mastodon":"0"},"categories":[18],"tags":[37,33,35,34,36,2478,159,158,5382,2477],"class_list":["post-264024","post","type-post","status-publish","format-standard","has-post-thumbnail","category-sport","tag-ee","tag-eesti","tag-eesti-keel","tag-estonia","tag-estonian","tag-hispaania-velotuur","tag-sport","tag-sports","tag-tadej-pogacar","tag-vuelta"],"share_on_mastodon":{"url":"https:\/\/pubeurope.com\/@ee\/117183008046241345","error":""},"_links":{"self":[{"href":"https:\/\/www.europesays.com\/ee\/wp-json\/wp\/v2\/posts\/264024","targetHints":{"allow":["GET"]}}],"collection":[{"href":"https:\/\/www.europesays.com\/ee\/wp-json\/wp\/v2\/posts"}],"about":[{"href":"https:\/\/www.europesays.com\/ee\/wp-json\/wp\/v2\/types\/post"}],"author":[{"embeddable":true,"href":"https:\/\/www.europesays.com\/ee\/wp-json\/wp\/v2\/users\/2"}],"replies":[{"embeddable":true,"href":"https:\/\/www.europesays.com\/ee\/wp-json\/wp\/v2\/comments?post=264024"}],"version-history":[{"count":0,"href":"https:\/\/www.europesays.com\/ee\/wp-json\/wp\/v2\/posts\/264024\/revisions"}],"wp:featuredmedia":[{"embeddable":true,"href":"https:\/\/www.europesays.com\/ee\/wp-json\/wp\/v2\/media\/264025"}],"wp:attachment":[{"href":"https:\/\/www.europesays.com\/ee\/wp-json\/wp\/v2\/media?parent=264024"}],"wp:term":[{"taxonomy":"category","embeddable":true,"href":"https:\/\/www.europesays.com\/ee\/wp-json\/wp\/v2\/categories?post=264024"},{"taxonomy":"post_tag","embeddable":true,"href":"https:\/\/www.europesays.com\/ee\/wp-json\/wp\/v2\/tags?post=264024"}],"curies":[{"name":"wp","href":"https:\/\/api.w.org\/{rel}","templated":true}]}}