{"id":264026,"date":"2026-08-30T06:20:10","date_gmt":"2026-08-30T06:20:10","guid":{"rendered":"https:\/\/www.europesays.com\/ee\/264026\/"},"modified":"2026-08-30T06:20:10","modified_gmt":"2026-08-30T06:20:10","slug":"ukraina-pommitas-vene-lennuvalju-ja-leningradi-oblastis-asuvat-naftatehast","status":"publish","type":"post","link":"https:\/\/www.europesays.com\/ee\/264026\/","title":{"rendered":"Ukraina pommitas Vene lennuv\u00e4lju ja Leningradi oblastis asuvat naftatehast"},"content":{"rendered":"<p class=\"western\">Kuberner Aleksandr Drozdenko s\u00f5nul tulistati alla 42 drooni. Telegrami-kanalites ilmusid videod tulekahjust Kiri\u0161inefteorgsintezi naftatehases. Ettev\u00f5ttele Surgutneftegz kuuluv sanktsioneeritud tehas on \u00fcks Vene suurimaid ja selle tootmisv\u00f5imsus on umbes 20 miljonit tonni aastas.<\/p>\n<p class=\"western\">Droonir\u00fcnnakutest teatati ka <a rel=\"noopener nofollow\" target=\"_blank\" href=\"https:\/\/www.delfi.ee\/teema\/56815392\/krasnodar\" tag-id=\"56815392\">Krasnodari<\/a> krais asuva Jeiski \u00f5huv\u00e4ebaasi juures, kus toimus rida tugevaid plahvatusi. Tulekahju on puhkenud ka Rostovi oblastis Millerovo lennuv\u00e4ljal.<\/p>\n<p class=\"western\"> Samuti n\u00e4hti droone Smolenski ja Brjanski oblastis, kus sihtm\u00e4rk oli esialgu teadmata.<\/p>\n<p class=\"western\"><a rel=\"noopener nofollow\" target=\"_blank\" href=\"https:\/\/www.delfi.ee\/teema\/25048531\/ukraina\" tag-id=\"25048531\">Ukraina<\/a> kindralstaabi teatel toimus rida r\u00fcnnakuid ka <a rel=\"noopener nofollow\" target=\"_blank\" href=\"https:\/\/www.delfi.ee\/teema\/3\/venemaa\" tag-id=\"3\">Venemaa<\/a> poolt okupeeritud Ukraina aladel. Sealhulgas r\u00fcnnati Donetski linnas ja Krimmis Simferopolis asuvaid droonikeskuseid, teatab kindralstaap.<\/p>\n<p>Kuidas see lugu Sind end tundma pani?Saada<a href=\"https:\/\/www.delfi.ee\/artikkel\/120607029\/ukraina-pommitas-vene-lennuvalju-ja-leningradi-oblastis-asuvat-naftatehast\/kommentaarid\" class=\"button button--primary button--size-auto article-body-bottom__comment article-body-bottom__comment--write\" style=\"\" rel=\"nofollow noopener\" target=\"_blank\">Kommenteeri<\/a><a href=\"https:\/\/www.delfi.ee\/artikkel\/120607029\/ukraina-pommitas-vene-lennuvalju-ja-leningradi-oblastis-asuvat-naftatehast\/kommentaarid\" class=\"button button--size-auto article-body-bottom__comment article-body-bottom__comment--read\" style=\"\" rel=\"nofollow noopener\" target=\"_blank\">Loe kommentaare (2)<\/a><\/p>\n","protected":false},"excerpt":{"rendered":"Kuberner Aleksandr Drozdenko s\u00f5nul tulistati alla 42 drooni. Telegrami-kanalites ilmusid videod tulekahjust Kiri\u0161inefteorgsintezi naftatehases. Ettev\u00f5ttele Surgutneftegz kuuluv sanktsioneeritud&hellip;\n","protected":false},"author":2,"featured_media":264027,"comment_status":"","ping_status":"","sticky":false,"template":"","format":"standard","meta":{"footnotes":"","_share_on_mastodon":"0"},"categories":[80],"tags":[26,27,37,33,35,34,36,31,32,21,62346,3851,28,29,95,19,25,107,23,24,262,22,20,96,30,92,93,94],"class_list":["post-264026","post","type-post","status-publish","format-standard","has-post-thumbnail","category-maailm","tag-breaking-news","tag-breakingnews","tag-ee","tag-eesti","tag-eesti-keel","tag-estonia","tag-estonian","tag-featured-news","tag-featurednews","tag-headlines","tag-kiris","tag-krasnodar","tag-latest-news","tag-latestnews","tag-maailm","tag-news","tag-populaarseimad-lood","tag-soda-ukrainas","tag-top-stories","tag-topstories","tag-ukraina","tag-uldised-uudised","tag-uudised","tag-venemaa","tag-viimased-uudised","tag-world","tag-world-news","tag-worldnews"],"share_on_mastodon":{"url":"https:\/\/pubeurope.com\/@ee\/117183016092833714","error":""},"_links":{"self":[{"href":"https:\/\/www.europesays.com\/ee\/wp-json\/wp\/v2\/posts\/264026","targetHints":{"allow":["GET"]}}],"collection":[{"href":"https:\/\/www.europesays.com\/ee\/wp-json\/wp\/v2\/posts"}],"about":[{"href":"https:\/\/www.europesays.com\/ee\/wp-json\/wp\/v2\/types\/post"}],"author":[{"embeddable":true,"href":"https:\/\/www.europesays.com\/ee\/wp-json\/wp\/v2\/users\/2"}],"replies":[{"embeddable":true,"href":"https:\/\/www.europesays.com\/ee\/wp-json\/wp\/v2\/comments?post=264026"}],"version-history":[{"count":0,"href":"https:\/\/www.europesays.com\/ee\/wp-json\/wp\/v2\/posts\/264026\/revisions"}],"wp:featuredmedia":[{"embeddable":true,"href":"https:\/\/www.europesays.com\/ee\/wp-json\/wp\/v2\/media\/264027"}],"wp:attachment":[{"href":"https:\/\/www.europesays.com\/ee\/wp-json\/wp\/v2\/media?parent=264026"}],"wp:term":[{"taxonomy":"category","embeddable":true,"href":"https:\/\/www.europesays.com\/ee\/wp-json\/wp\/v2\/categories?post=264026"},{"taxonomy":"post_tag","embeddable":true,"href":"https:\/\/www.europesays.com\/ee\/wp-json\/wp\/v2\/tags?post=264026"}],"curies":[{"name":"wp","href":"https:\/\/api.w.org\/{rel}","templated":true}]}}