{"id":264040,"date":"2026-08-30T06:51:14","date_gmt":"2026-08-30T06:51:14","guid":{"rendered":"https:\/\/www.europesays.com\/ee\/264040\/"},"modified":"2026-08-30T06:51:14","modified_gmt":"2026-08-30T06:51:14","slug":"tana-live-flora-ja-paide-maadlevad-medalite-nimel-kell-17-00-soccernet-ee","status":"publish","type":"post","link":"https:\/\/www.europesays.com\/ee\/264040\/","title":{"rendered":"T\u00c4NA LIVE: Flora ja Paide maadlevad medalite nimel (kell 17.00!) &#8211; Soccernet.ee"},"content":{"rendered":"<p><img decoding=\"async\" src=\"https:\/\/www.europesays.com\/ee\/wp-content\/uploads\/2026\/08\/1788072673_6_1782060125.jpg\" alt=\"Paide vajab Flora kannule j\u00f5udmiseks v\u00f5itu. Foto: Liisi Troska \/ jalgpall.ee\"\/>&#13;\n<\/p>\n<p>Premium liiga 25. m\u00e4nguvoorus l\u00e4hevad vastamisi medalikohtade nimel v\u00f5itlevad Tallinna FC Flora ja Paide Linnameeskond. Soccernet.ee vahendab s\u00fcndmuste k\u00e4iku tekstip\u00f5hises \u00fclekandes.<\/p>\n<p>Flora on liigatabelis kolmandal real, edestades Paidet kolme punktiga. Samas on koos eurom\u00e4ngudega kaotatud viimasest viiest kohtumisest neli. Liigas j\u00e4\u00e4di alla Kuressaarele, v\u00f5ideti siis k\u00fcll P\u00e4rnu Vaprust, ent kaotati n\u00e4dala keskel j\u00e4rele peetud kohtumises v\u00f5\u00f5rsil 1:3 Tartu Tammekale. Lisaks hankis koguni kolm Flora kaitsjat &#8211; Airon Kollo, Mihhail Kolobov ja Sander Tovstik &#8211; endale m\u00e4nguks Paidega kollaste kaartide t\u00f5ttu m\u00e4ngukeelu.&#13;\n<\/p>\n<p>Paide j\u00e4i n\u00e4dala keskel karikav\u00f5istlustel 1:4 alla Tallinna FCI Levadiale. Viimases liigam\u00e4ngus oldi aga ise 4:1 paremad N\u00f5mme Unitedist. T\u00e4navuse esimese omavahelise liigam\u00e4ngu v\u00f5itis 2:1 Flora, teise aga sama skooriga Paide. Nende vahele j\u00e4i veel maikuus toimunud karikafinaal, kus Flora pani Paide selili koguni 5:1 skooriga.&#13;\n<\/p>\n<p>M\u00e4ngu n\u00e4itab otsepildis ETV2.<\/p>\n<p>V\u00e4ljakukohtunik<\/p>\n<p>Kristo Tohver<\/p>\n<p>1. abikohtunik<\/p>\n<p>Sander Saga<\/p>\n<p>2. abikohtunik<\/p>\n<p>Aron H\u00e4rsing<\/p>\n<p>4. kohtunik<\/p>\n<p>J\u00fcrgen Lorenz<\/p>\n<p>Videokohtunik<\/p>\n<p>Marko Liiva<\/p>\n<p>Abivideokohtunik<\/p>\n<p>Tauno R\u00e4mson<\/p>\n<p>P: 42 (V\u00f5: 14 Vi: 0 Ka: 9 ) VV: 45:28<\/p>\n<p>P: 39 (V\u00f5: 11 Vi: 6 Ka: 6 ) VV: 38:30<\/p>\n<p>                           Rauno Sappinen 9<\/p>\n<p>                           Sander Alamaa 8<\/p>\n<p>                           Sergei Zenjov 5<\/p>\n<p>                           Taaniel Usta 4<\/p>\n<p>                           Tony Varjund 3<\/p>\n<p>                         Henri Anier 9<\/p>\n<p>                         Modou Sohna 5<\/p>\n<p>                         Daniel Cabral 5<\/p>\n<p>                         Abdourahman Badamosi 4<\/p>\n<p>                         Daniel Luts 2<\/p>\n<p>                           Sander Alamaa 7<\/p>\n<p>                           Sergei Zenjov 5<\/p>\n<p>                           Rauno Sappinen 5<\/p>\n<p>                           Tony Varjund 4<\/p>\n<p>                           Danil Kuraksin 4<\/p>\n<p>                         Henri Anier 3<\/p>\n<p>                         Modou Sohna 3<\/p>\n<p>                         Oskar H\u00f5im 2<\/p>\n<p>                         Nikita Baranov 2<\/p>\n<p>                         Victor Hugo 2<\/p>\n<p>Mihhail Kolobov<\/p>\n<p>Sander Tovstik<\/p>\n<p>Airon Kollo<\/p>\n<p>                             Remo Valdmets<\/p>\n<p>                             Sander Alamaa<\/p>\n<p>                             Nikita Kalm\u00f5kov<\/p>\n<p>                             Mark Hendrik Kukk<\/p>\n<p>                             Daniel Cabral<\/p>\n<p>                             Martin Miller<\/p>\n<p>                             Henrik Ojamaa<\/p>\n<p>                             Oskar H\u00f5im<\/p>\n<p>                             Abdourahman Badamosi<\/p>\n<p>                             Pedro Andrade<\/p>\n<p>                             Momodou Jobarteh<\/p>\n<p>VIIMASED OMAVAHELISED M\u00c4NGUD<\/p>\n<p><img decoding=\"async\" src=\"https:\/\/www.europesays.com\/ee\/wp-content\/uploads\/2026\/08\/1788072674_619_vivatbet_logo_dark.png\" style=\"height: auto; width: auto; max-height: 30px;\" alt=\"\"\/><\/p>\n<p>Flora v\u00f5it 2,39<\/p>\n<p>viik 3.64<\/p>\n<p><img decoding=\"async\" src=\"https:\/\/www.europesays.com\/ee\/wp-content\/uploads\/2026\/08\/1788072674_619_vivatbet_logo_dark.png\" style=\"height: auto; width: auto; max-height: 30px;\" alt=\"\"\/><\/p>\n<p>Paide v\u00f5it 2,40<\/p>\n<p>viik 3,64<\/p>\n","protected":false},"excerpt":{"rendered":"&#13; Premium liiga 25. m\u00e4nguvoorus l\u00e4hevad vastamisi medalikohtade nimel v\u00f5itlevad Tallinna FC Flora ja Paide Linnameeskond. Soccernet.ee vahendab&hellip;\n","protected":false},"author":2,"featured_media":264041,"comment_status":"","ping_status":"","sticky":false,"template":"","format":"standard","meta":{"footnotes":"","_share_on_mastodon":"0"},"categories":[18],"tags":[37,33,35,34,36,161,163,2470,4106,907,501,167,159,158],"class_list":["post-264040","post","type-post","status-publish","format-standard","has-post-thumbnail","category-sport","tag-ee","tag-eesti","tag-eesti-keel","tag-estonia","tag-estonian","tag-fc-flora","tag-flora","tag-otsepilt","tag-otseulekanne","tag-paide","tag-paide-linnameeskond","tag-premium-liiga","tag-sport","tag-sports"],"share_on_mastodon":{"url":"https:\/\/pubeurope.com\/@ee\/117183138381556050","error":""},"_links":{"self":[{"href":"https:\/\/www.europesays.com\/ee\/wp-json\/wp\/v2\/posts\/264040","targetHints":{"allow":["GET"]}}],"collection":[{"href":"https:\/\/www.europesays.com\/ee\/wp-json\/wp\/v2\/posts"}],"about":[{"href":"https:\/\/www.europesays.com\/ee\/wp-json\/wp\/v2\/types\/post"}],"author":[{"embeddable":true,"href":"https:\/\/www.europesays.com\/ee\/wp-json\/wp\/v2\/users\/2"}],"replies":[{"embeddable":true,"href":"https:\/\/www.europesays.com\/ee\/wp-json\/wp\/v2\/comments?post=264040"}],"version-history":[{"count":0,"href":"https:\/\/www.europesays.com\/ee\/wp-json\/wp\/v2\/posts\/264040\/revisions"}],"wp:featuredmedia":[{"embeddable":true,"href":"https:\/\/www.europesays.com\/ee\/wp-json\/wp\/v2\/media\/264041"}],"wp:attachment":[{"href":"https:\/\/www.europesays.com\/ee\/wp-json\/wp\/v2\/media?parent=264040"}],"wp:term":[{"taxonomy":"category","embeddable":true,"href":"https:\/\/www.europesays.com\/ee\/wp-json\/wp\/v2\/categories?post=264040"},{"taxonomy":"post_tag","embeddable":true,"href":"https:\/\/www.europesays.com\/ee\/wp-json\/wp\/v2\/tags?post=264040"}],"curies":[{"name":"wp","href":"https:\/\/api.w.org\/{rel}","templated":true}]}}