{"id":264052,"date":"2026-08-30T07:15:12","date_gmt":"2026-08-30T07:15:12","guid":{"rendered":"https:\/\/www.europesays.com\/ee\/264052\/"},"modified":"2026-08-30T07:15:12","modified_gmt":"2026-08-30T07:15:12","slug":"nigeri-pealinnas-toimus-sojavaelaste-mass-kaitseministeeriumi-vaitel-on-olukord-rahunemas","status":"publish","type":"post","link":"https:\/\/www.europesays.com\/ee\/264052\/","title":{"rendered":"Nigeri pealinnas toimus s\u00f5jav\u00e4elaste m\u00e4ss, kaitseministeeriumi v\u00e4itel on olukord rahunemas"},"content":{"rendered":"<p class=\"western\">M\u00e4ssajad h\u00f5ivasid umbeks 24 tunniks rea olulisi asutusi, sealhulgas s\u00f5jav\u00e4ebaasi ja lennujaama. Lahingud toimusid ka presidendipalee l\u00e4histel. Tulevahetust ja plahvatusi oli linnas kuulda laup\u00e4eva hommikuni.<\/p>\n<p class=\"western\">Kaitseministeeriumi teatel on v\u00e4ljaastumine n\u00fc\u00fcdseks maha surutud. Valitsusele lojaalseks j\u00e4\u00e4nud v\u00e4gesid abistas Venemaa kaitseministeeriumi alluvuses tegutsev <a rel=\"noopener nofollow\" target=\"_blank\" href=\"https:\/\/www.delfi.ee\/teema\/96945370\/aafrika-korpus\" tag-id=\"96945370\">Aafrika Korpus<\/a>. Vene suursaadik Viktor Voropajev \u00fctles Vene meediale, et Nigeri k\u00f5rged ohvitserid v\u00e4ljendasid abi eest t\u00e4nu.<\/p>\n<p class=\"western\">Valitsuse teatel on k\u00fcmneid m\u00e4ssajaid tapetud ja arreteeritud ning televisioonis n\u00e4idati ka kinnipeetud s\u00f5dureid. Hunta juht Abdourahamane Tchiani ei ole esialgu rahva poole p\u00f6\u00f6rdunud. Associated Pressi allikate teatel liikus p\u00fchap\u00e4eval pealinna poole uusi \u00fcksuseid ning ei olnud selge, kumba poolt need toetavad.<\/p>\n<p class=\"western\">Kaitseminister Salifou Modi tunnistas laup\u00e4eval, et s\u00f5durid v\u00f5tsid \u00fches baasis osa ohvitsere vangi ning r\u00fcndasid valitsusasutusi. Ajutiselt m\u00e4ssajate k\u00e4tte langenud lennujaamas asub Nigeri, Burkina Faso ja Mali s\u00f5jav\u00e4eliste re\u017eiimide \u00fchendj\u00f5udude v\u00e4ejuhatus. T\u00e4navu on jaama kahel korral r\u00fcnnanud ka islamisissid.<\/p>\n<p>Kuidas see lugu Sind end tundma pani?Saada<a href=\"https:\/\/www.delfi.ee\/artikkel\/120607033\/nigeri-pealinnas-toimus-sojavaelaste-mass-kaitseministeeriumi-vaitel-on-olukord-rahunemas\/kommentaarid\" class=\"button button--primary button--size-auto article-body-bottom__comment article-body-bottom__comment--write\" style=\"\" rel=\"nofollow noopener\" target=\"_blank\">Kommenteeri<\/a><a href=\"https:\/\/www.delfi.ee\/artikkel\/120607033\/nigeri-pealinnas-toimus-sojavaelaste-mass-kaitseministeeriumi-vaitel-on-olukord-rahunemas\/kommentaarid\" class=\"button button--size-auto article-body-bottom__comment article-body-bottom__comment--read\" style=\"\" rel=\"nofollow noopener\" target=\"_blank\">Loe kommentaare <\/a><\/p>\n","protected":false},"excerpt":{"rendered":"M\u00e4ssajad h\u00f5ivasid umbeks 24 tunniks rea olulisi asutusi, sealhulgas s\u00f5jav\u00e4ebaasi ja lennujaama. Lahingud toimusid ka presidendipalee l\u00e4histel. Tulevahetust&hellip;\n","protected":false},"author":2,"featured_media":264053,"comment_status":"","ping_status":"","sticky":false,"template":"","format":"standard","meta":{"footnotes":"","_share_on_mastodon":"0"},"categories":[80],"tags":[29794,26,27,37,33,35,34,36,31,32,21,28,29,95,19,102255,13215,25,23,24,22,20,30,92,93,94],"class_list":["post-264052","post","type-post","status-publish","format-standard","has-post-thumbnail","category-maailm","tag-aafrika-korpus","tag-breaking-news","tag-breakingnews","tag-ee","tag-eesti","tag-eesti-keel","tag-estonia","tag-estonian","tag-featured-news","tag-featurednews","tag-headlines","tag-latest-news","tag-latestnews","tag-maailm","tag-news","tag-niamey","tag-niger","tag-populaarseimad-lood","tag-top-stories","tag-topstories","tag-uldised-uudised","tag-uudised","tag-viimased-uudised","tag-world","tag-world-news","tag-worldnews"],"share_on_mastodon":{"url":"https:\/\/pubeurope.com\/@ee\/117183232477141168","error":""},"_links":{"self":[{"href":"https:\/\/www.europesays.com\/ee\/wp-json\/wp\/v2\/posts\/264052","targetHints":{"allow":["GET"]}}],"collection":[{"href":"https:\/\/www.europesays.com\/ee\/wp-json\/wp\/v2\/posts"}],"about":[{"href":"https:\/\/www.europesays.com\/ee\/wp-json\/wp\/v2\/types\/post"}],"author":[{"embeddable":true,"href":"https:\/\/www.europesays.com\/ee\/wp-json\/wp\/v2\/users\/2"}],"replies":[{"embeddable":true,"href":"https:\/\/www.europesays.com\/ee\/wp-json\/wp\/v2\/comments?post=264052"}],"version-history":[{"count":0,"href":"https:\/\/www.europesays.com\/ee\/wp-json\/wp\/v2\/posts\/264052\/revisions"}],"wp:featuredmedia":[{"embeddable":true,"href":"https:\/\/www.europesays.com\/ee\/wp-json\/wp\/v2\/media\/264053"}],"wp:attachment":[{"href":"https:\/\/www.europesays.com\/ee\/wp-json\/wp\/v2\/media?parent=264052"}],"wp:term":[{"taxonomy":"category","embeddable":true,"href":"https:\/\/www.europesays.com\/ee\/wp-json\/wp\/v2\/categories?post=264052"},{"taxonomy":"post_tag","embeddable":true,"href":"https:\/\/www.europesays.com\/ee\/wp-json\/wp\/v2\/tags?post=264052"}],"curies":[{"name":"wp","href":"https:\/\/api.w.org\/{rel}","templated":true}]}}