{"id":264056,"date":"2026-08-30T07:23:25","date_gmt":"2026-08-30T07:23:25","guid":{"rendered":"https:\/\/www.europesays.com\/ee\/264056\/"},"modified":"2026-08-30T07:23:25","modified_gmt":"2026-08-30T07:23:25","slug":"dolly-parton-suri-80-aastaselt-postimees","status":"publish","type":"post","link":"https:\/\/www.europesays.com\/ee\/264056\/","title":{"rendered":"Dolly Parton suri 80-aastaselt &#8211; Postimees"},"content":{"rendered":"<ol>\n<li><a href=\"https:\/\/news.google.com\/rss\/articles\/CBMidkFVX3lxTE82djBDU2ItdldnR3JZQXR3aU55VlV0TlcySGJNTUtWQjJ2WVdhdVBNZTdPQzVnRnlvNTRVOUpJQVRMT0hBalpHbUJjNXc3Z1NBVURvWnZLdUg1R1JfbVVyUklYdFVaTHBxXzlJaHIzbEpCY05Wcmc?oc=5\" target=\"_blank\" rel=\"nofollow noopener\">Dolly Parton suri 80-aastaselt<\/a>&nbsp;&nbsp;Postimees<\/li>\n<li><a href=\"https:\/\/news.google.com\/rss\/articles\/CBMiiwFBVV95cUxPVkNIUTNaVlNUOGNOazEwamVrWmh0ZXBVV2xoeDZmeXdjOWlmY1FuT1VsVkJ5aG5rZ1N4NGNQQUZNOXFJVnJkQ2RSWnpkRWE5dHlvZWg4SGJQYzB0MXp2bW5JeUMwLXBKWWRZU2ZyLXBHaVJXVVRVUE9xME9WZ2FqOU5Ic180Sko3aTRV?oc=5\" target=\"_blank\" rel=\"nofollow noopener\">Dolly Parton v\u00f5ib saada omanimelise lennujaama<\/a>&nbsp;&nbsp;\u00d5htuleht<\/li>\n<li><a href=\"https:\/\/news.google.com\/rss\/articles\/CBMibkFVX3lxTE1Ga0ViWUNVeWtqNGRQNWhPa0RiNmxBWEZRSDVHdWwwZXpydUlvVUVkalU5cDI2MzN6Q09SdGRHdkJMV0xNbGFXODM3T09hOEd6bzNQQTBHaU5pd1JBa3R1djJjbk1mVEt0NWJRRVZB?oc=5\" target=\"_blank\" rel=\"nofollow noopener\">Suri lauljanna Dolly Parton<\/a>&nbsp;&nbsp;ERR<\/li>\n<li><a href=\"https:\/\/news.google.com\/rss\/articles\/CBMi5gFBVV95cUxONGZ4MS1kYmk0VkNDYlBXd2V6ZnhoQ3J5WElMUnZSdEs5WHlLWHNrakVYbW1nVXBnVUQwVW12eDlkXzlFaDFtTTBDYzJJejhKbl94TmYyZkxfemtYQV9QX1EwVFNSX25RTXA5amZDTkxFa19GRlk1RE1Oa191eWlDbzBXaTBWcExiX3h2NmpsNldrdGJNVnFHRm1BTjJVTEh6V1U5RFhQYlFPVC1tM3Y1aDZnQVA2RDN1TDNpWTcyNThMMFpCY1VySFNDUXFRVEdhd3RvRXJzLU45a1V1VUhSV1AzS2NvUQ?oc=5\" target=\"_blank\" rel=\"nofollow noopener\">Dolly Parton j\u00e4ttis endast maha sadu miljoneid dollareid v\u00e4\u00e4rt varanduse. Kantrilauljal \u00fchtegi p\u00e4rijat pole<\/a>&nbsp;&nbsp;Kroonika<\/li>\n<li><a href=\"https:\/\/news.google.com\/rss\/articles\/CBMi4wFBVV95cUxNd0lXeFpGeWY5SWl3Zm5CQklWQkIzMU1OZk5iSWFfUUtOQjBCY0F0WTNvZmtzcGk2M0ZpelRhLWk4YkJKNlhKZ05Wb3lLUkhHcFBlejhPMDl6WVBtTGJQblVDaFdZeXdLNHRIX0N4Ri1zamExY3ZKZ3dfdDBDUUMwbWp2T2p0XzU5QTRGRkp6bW1PMHNoTDV0czVoa1pJeFlQUk10M0JvOGdPdnNiQjBMM3VNS1IyZmVfQVN3YmVhZmU3MS1PWDNsN0lzTTdDa2lJdUpzaEk4ekpTRFlwZWE1TEtVbw?oc=5\" target=\"_blank\" rel=\"nofollow noopener\">Dolly Parton, country-muusika ikoon ja laulu \u201eJolene\u201d esitaja, on surma saanud 80-aastasena<\/a>&nbsp;&nbsp;Sortir \u00e0 Paris<\/li>\n<\/ol>\n","protected":false},"excerpt":{"rendered":"Dolly Parton suri 80-aastaselt&nbsp;&nbsp;Postimees Dolly Parton v\u00f5ib saada omanimelise lennujaama&nbsp;&nbsp;\u00d5htuleht Suri lauljanna Dolly Parton&nbsp;&nbsp;ERR Dolly Parton j\u00e4ttis endast&hellip;\n","protected":false},"author":2,"featured_media":264057,"comment_status":"","ping_status":"","sticky":false,"template":"","format":"standard","meta":{"footnotes":"","_share_on_mastodon":"0"},"categories":[16],"tags":[102574,102577,102572,5716,102569,37,33,35,173,34,36,8123,38528,102571,102575,140,6587,102573,102576,102570],"class_list":["post-264056","post","type-post","status-publish","format-standard","has-post-thumbnail","category-meelelahutus","tag-9-to-5","tag-a-true-original-musical","tag-country-music-hall-of-fame","tag-dolly-parton","tag-dolly-parton-suri","tag-ee","tag-eesti","tag-eesti-keel","tag-entertainment","tag-estonia","tag-estonian","tag-grammy","tag-ihukaitsja","tag-imagination-library","tag-jolene","tag-meelelahutus","tag-nashville","tag-porter-wagoner","tag-steel-magnolias","tag-whitney-houston"],"share_on_mastodon":{"url":"https:\/\/pubeurope.com\/@ee\/117183263775721950","error":""},"_links":{"self":[{"href":"https:\/\/www.europesays.com\/ee\/wp-json\/wp\/v2\/posts\/264056","targetHints":{"allow":["GET"]}}],"collection":[{"href":"https:\/\/www.europesays.com\/ee\/wp-json\/wp\/v2\/posts"}],"about":[{"href":"https:\/\/www.europesays.com\/ee\/wp-json\/wp\/v2\/types\/post"}],"author":[{"embeddable":true,"href":"https:\/\/www.europesays.com\/ee\/wp-json\/wp\/v2\/users\/2"}],"replies":[{"embeddable":true,"href":"https:\/\/www.europesays.com\/ee\/wp-json\/wp\/v2\/comments?post=264056"}],"version-history":[{"count":0,"href":"https:\/\/www.europesays.com\/ee\/wp-json\/wp\/v2\/posts\/264056\/revisions"}],"wp:featuredmedia":[{"embeddable":true,"href":"https:\/\/www.europesays.com\/ee\/wp-json\/wp\/v2\/media\/264057"}],"wp:attachment":[{"href":"https:\/\/www.europesays.com\/ee\/wp-json\/wp\/v2\/media?parent=264056"}],"wp:term":[{"taxonomy":"category","embeddable":true,"href":"https:\/\/www.europesays.com\/ee\/wp-json\/wp\/v2\/categories?post=264056"},{"taxonomy":"post_tag","embeddable":true,"href":"https:\/\/www.europesays.com\/ee\/wp-json\/wp\/v2\/tags?post=264056"}],"curies":[{"name":"wp","href":"https:\/\/api.w.org\/{rel}","templated":true}]}}