{"id":264064,"date":"2026-08-30T07:36:10","date_gmt":"2026-08-30T07:36:10","guid":{"rendered":"https:\/\/www.europesays.com\/ee\/264064\/"},"modified":"2026-08-30T07:36:10","modified_gmt":"2026-08-30T07:36:10","slug":"pisarates-roger-federer-voeti-kuulsuste-halli-vastu-see-on-uks-mu-elu-suurimaid-autasusid","status":"publish","type":"post","link":"https:\/\/www.europesays.com\/ee\/264064\/","title":{"rendered":"Pisarates Roger Federer v\u00f5eti Kuulsuste Halli vastu. \u201eSee on \u00fcks mu elu suurimaid autasusid\u201c"},"content":{"rendered":"<p>Pidulik tseremoonia toimus Newporti linnas, kus Rahvusvaheline <a rel=\"noopener nofollow\" target=\"_blank\" href=\"https:\/\/www.delfi.ee\/teema\/82733623\/tennis\" tag-id=\"82733623\">Tennise<\/a> Kuulsuste Hall paikneb. Tseremoonial said s\u00f5na Federeri abikaasa Mirka ning video teel saatsid \u0161veitslasele \u00f5nnitlused ka tema endised konkurendid, teiste seas Novak Djokovic, Gael Monfils, Grigor Dimitrov, Daniil Medvedev ja Alexander Zverev.<\/p>\n<p>Federeri enda k\u00f5ne kestis \u00fcle 27 minuti. Saanuks rutem, kuid tal tuli teha mitmeid pause, et pisaraid p\u00fchkida ja end koguda.<\/p>\n<p>\u201eOn uskumatu n\u00e4ha end sellises kohas, jalutada Kuulsuste Hallis ja sukelduda selle spordiala ajalukku. See t\u00e4hendab mulle k\u00f5ike,\u201c alustas Federer. \u201eLugeda oma suurimate kangelaste lugusid ja m\u00f5ista, p\u00e4riselt esimest korda m\u00f5ista, et ka minul on siin oma koht. See on \u00fcks mu elu suurimaid autasusid.\u201c<\/p>\n<p>\u0160veitsi tennislegend r\u00f5hutas, et kuigi ta kuulub n\u00fc\u00fcd Kuulsuste Halli, ei olnud kuulsus kunagi tema eesm\u00e4rk. Tema soov oli hoopis veeta elu tehes midagi, mida ta armastab.<\/p>\n<p>\u201eMe m\u00e4ngime tennist, me oleme tennisistid. Minu jaoks ongi k\u00f5ige t\u00e4htsam m\u00e4ngur\u00f5\u00f5m. Jah, see spordiala n\u00f5uab t\u00f6\u00f6d ja treenimist, aga r\u00f5\u00f5m sellest m\u00e4ngust on mind alati edasi kandnud. Ja kui t\u00f6\u00f6 ja m\u00e4ng sulavad kokku, siis on see k\u00f5ige parem tunne \u00fcldse,\u201c j\u00e4tkas ta.<\/p>\n<p>Federeri k\u00f5ne k\u00f5ige emotsionaalsem hetk saabus siis, kui ta avaldas austust oma abikaasale Mirkale, kellega ta on \u00fchte teed k\u00e4inud juba 26 aastat.<\/p>\n<p>\u201eMirka on inimene, kes \u00f5petas mulle, kuidas tennisem\u00e4ngule rohkem keskenduda ja samal ajal k\u00f5igest muust r\u00f5\u00f5mu tunda. Ta on meie neljale lapsele suurep\u00e4rane ema, kes teeb meie k\u00f5igi elus v\u00f5imatu v\u00f5imalikuks. Me v\u00f5tame teineteisel k\u00e4est kinni ja l\u00e4heme koos kasv\u00f5i l\u00e4bi seina,\u201c \u00fctles Federer.<\/p>\n<p>2022. aastal profikarj\u00e4\u00e4ri l\u00f5petanud Federer v\u00f5itis kokku 20 suure sl\u00e4mmi turniiri. <a rel=\"noopener nofollow\" target=\"_blank\" href=\"https:\/\/www.delfi.ee\/teema\/48708565\/wimbledon\" tag-id=\"48708565\">Wimbledonis<\/a> triumfeeris \u0161veitslane koguni kaheksal korral. Karj\u00e4\u00e4ri jooksul hoidis Federer maailma esireketi staatust kokku 310 n\u00e4dalat. \u00dcksikm\u00e4ngu tiitleid v\u00f5itis ta 103.<\/p>\n<p>Kuidas see lugu Sind end tundma pani?Saada<a href=\"https:\/\/sport.delfi.ee\/artikkel\/120607030\/pisarates-roger-federer-voeti-kuulsuste-halli-vastu-see-on-uks-mu-elu-suurimaid-autasusid\/kommentaarid\" class=\"button button--primary button--size-auto article-body-bottom__comment article-body-bottom__comment--write\" style=\"\" rel=\"nofollow noopener\" target=\"_blank\">Kommenteeri<\/a><a href=\"https:\/\/sport.delfi.ee\/artikkel\/120607030\/pisarates-roger-federer-voeti-kuulsuste-halli-vastu-see-on-uks-mu-elu-suurimaid-autasusid\/kommentaarid\" class=\"button button--size-auto article-body-bottom__comment article-body-bottom__comment--read\" style=\"\" rel=\"nofollow noopener\" target=\"_blank\">Loe kommentaare (1)<\/a><\/p>\n","protected":false},"excerpt":{"rendered":"Pidulik tseremoonia toimus Newporti linnas, kus Rahvusvaheline Tennise Kuulsuste Hall paikneb. Tseremoonial said s\u00f5na Federeri abikaasa Mirka ning&hellip;\n","protected":false},"author":2,"featured_media":264065,"comment_status":"","ping_status":"","sticky":false,"template":"","format":"standard","meta":{"footnotes":"","_share_on_mastodon":"0"},"categories":[14],"tags":[131,130,37,33,35,34,36,8355,2827,6777],"class_list":["post-264064","post","type-post","status-publish","format-standard","has-post-thumbnail","category-ari","tag-ari","tag-business","tag-ee","tag-eesti","tag-eesti-keel","tag-estonia","tag-estonian","tag-roger-federer","tag-tennis","tag-wimbledon"],"share_on_mastodon":{"url":"https:\/\/pubeurope.com\/@ee\/117183314814463080","error":""},"_links":{"self":[{"href":"https:\/\/www.europesays.com\/ee\/wp-json\/wp\/v2\/posts\/264064","targetHints":{"allow":["GET"]}}],"collection":[{"href":"https:\/\/www.europesays.com\/ee\/wp-json\/wp\/v2\/posts"}],"about":[{"href":"https:\/\/www.europesays.com\/ee\/wp-json\/wp\/v2\/types\/post"}],"author":[{"embeddable":true,"href":"https:\/\/www.europesays.com\/ee\/wp-json\/wp\/v2\/users\/2"}],"replies":[{"embeddable":true,"href":"https:\/\/www.europesays.com\/ee\/wp-json\/wp\/v2\/comments?post=264064"}],"version-history":[{"count":0,"href":"https:\/\/www.europesays.com\/ee\/wp-json\/wp\/v2\/posts\/264064\/revisions"}],"wp:featuredmedia":[{"embeddable":true,"href":"https:\/\/www.europesays.com\/ee\/wp-json\/wp\/v2\/media\/264065"}],"wp:attachment":[{"href":"https:\/\/www.europesays.com\/ee\/wp-json\/wp\/v2\/media?parent=264064"}],"wp:term":[{"taxonomy":"category","embeddable":true,"href":"https:\/\/www.europesays.com\/ee\/wp-json\/wp\/v2\/categories?post=264064"},{"taxonomy":"post_tag","embeddable":true,"href":"https:\/\/www.europesays.com\/ee\/wp-json\/wp\/v2\/tags?post=264064"}],"curies":[{"name":"wp","href":"https:\/\/api.w.org\/{rel}","templated":true}]}}