{"id":264066,"date":"2026-08-30T07:38:11","date_gmt":"2026-08-30T07:38:11","guid":{"rendered":"https:\/\/www.europesays.com\/ee\/264066\/"},"modified":"2026-08-30T07:38:11","modified_gmt":"2026-08-30T07:38:11","slug":"eesti-vahemusvalitsus-takerdub-eelarvekriisi-ahvardab-poliitiline-ummikseis","status":"publish","type":"post","link":"https:\/\/www.europesays.com\/ee\/264066\/","title":{"rendered":"Eesti v\u00e4hemusvalitsus takerdub eelarvekriisi, \u00e4hvardab poliitiline ummikseis"},"content":{"rendered":"<p class=\"text-muted-foreground text-[15px] leading-relaxed\">Riigikogus enamust mitteomav valitsuskoalitsioon seisab silmitsi s\u00fcveneva riigieelarve puuduj\u00e4\u00e4giga, mis \u00fcletab 4% SKP-st, tekitades kartusi riigi finantsstabiilsuse ja valitsuse teov\u00f5ime p\u00e4rast.<\/p>\n<ul class=\"space-y-3 text-[15px] leading-relaxed\">\n<li class=\"flex gap-3\">\u2014Eesti v\u00e4hemusvalitsus n\u00e4eb vaeva riigi rahanduse juhtimise ja j\u00e4rgmise aasta eelarve ettevalmistamisega Riigikogus enamuse puudumise t\u00f5ttu, mis tekitab muret poliitilise kauplemise ja eelarve heakskiitmise &#8216;oksjoni&#8217; p\u00e4rast.<\/li>\n<li class=\"flex gap-3\">\u2014Riigieelarve puuduj\u00e4\u00e4k \u00fcletab prognooside kohaselt sel aastal 4% SKP-st, riigiv\u00f5lg kasvab kiiresti, mist\u00f5ttu Eelarven\u00f5ukogu hoiatab j\u00e4tkusuutmatu finantstrajektoori eest.<\/li>\n<li class=\"flex gap-3\">\u2014Opositsiooniparteid ja m\u00f5ned koalitsiooniliikmed kutsuvad \u00fcles laiap\u00f5hjalistele kokkulepetele v\u00f5i isegi ennet\u00e4htaegsetele valimistele, et lahendada fiskaalprobleeme ja poliitilist ebakindlust.<\/li>\n<li class=\"flex gap-3\">\u2014Majandusminister Erkki Keldo tunnistab vajadust opositsiooni toetuse j\u00e4rele eelarvele, seades prioriteediks kaitsekulutused ja majanduskonkurentsiv\u00f5ime, otsides samal ajal kompromisse.<\/li>\n<li class=\"flex gap-3\">\u2014Kasvab mure poliitilise ebakindluse m\u00f5ju p\u00e4rast majanduskindlusele, kuna kodanikud seisavad silmitsi suurenenud elukalliduse ja ettevaatliku kulutamisharjumusega.<\/li>\n<\/ul>\n","protected":false},"excerpt":{"rendered":"Riigikogus enamust mitteomav valitsuskoalitsioon seisab silmitsi s\u00fcveneva riigieelarve puuduj\u00e4\u00e4giga, mis \u00fcletab 4% SKP-st, tekitades kartusi riigi finantsstabiilsuse ja&hellip;\n","protected":false},"author":2,"featured_media":264067,"comment_status":"","ping_status":"","sticky":false,"template":"","format":"standard","meta":{"footnotes":"","_share_on_mastodon":"0"},"categories":[12],"tags":[26,27,37,1198,33,35,34,36,31,32,101210,21,28,29,672,19,999,25,640,23,24,22,20,670,1012,30,2704],"class_list":["post-264066","post","type-post","status-publish","format-standard","has-post-thumbnail","category-eesti","tag-breaking-news","tag-breakingnews","tag-ee","tag-eelarve","tag-eesti","tag-eesti-keel","tag-estonia","tag-estonian","tag-featured-news","tag-featurednews","tag-fiskaalpoliitika","tag-headlines","tag-latest-news","tag-latestnews","tag-majandus","tag-news","tag-poliitika","tag-populaarseimad-lood","tag-riigikogu","tag-top-stories","tag-topstories","tag-uldised-uudised","tag-uudised","tag-valimised","tag-valitsus","tag-viimased-uudised","tag-volg"],"share_on_mastodon":{"url":"https:\/\/pubeurope.com\/@ee\/117183322672852168","error":""},"_links":{"self":[{"href":"https:\/\/www.europesays.com\/ee\/wp-json\/wp\/v2\/posts\/264066","targetHints":{"allow":["GET"]}}],"collection":[{"href":"https:\/\/www.europesays.com\/ee\/wp-json\/wp\/v2\/posts"}],"about":[{"href":"https:\/\/www.europesays.com\/ee\/wp-json\/wp\/v2\/types\/post"}],"author":[{"embeddable":true,"href":"https:\/\/www.europesays.com\/ee\/wp-json\/wp\/v2\/users\/2"}],"replies":[{"embeddable":true,"href":"https:\/\/www.europesays.com\/ee\/wp-json\/wp\/v2\/comments?post=264066"}],"version-history":[{"count":0,"href":"https:\/\/www.europesays.com\/ee\/wp-json\/wp\/v2\/posts\/264066\/revisions"}],"wp:featuredmedia":[{"embeddable":true,"href":"https:\/\/www.europesays.com\/ee\/wp-json\/wp\/v2\/media\/264067"}],"wp:attachment":[{"href":"https:\/\/www.europesays.com\/ee\/wp-json\/wp\/v2\/media?parent=264066"}],"wp:term":[{"taxonomy":"category","embeddable":true,"href":"https:\/\/www.europesays.com\/ee\/wp-json\/wp\/v2\/categories?post=264066"},{"taxonomy":"post_tag","embeddable":true,"href":"https:\/\/www.europesays.com\/ee\/wp-json\/wp\/v2\/tags?post=264066"}],"curies":[{"name":"wp","href":"https:\/\/api.w.org\/{rel}","templated":true}]}}