{"id":264068,"date":"2026-08-30T07:47:16","date_gmt":"2026-08-30T07:47:16","guid":{"rendered":"https:\/\/www.europesays.com\/ee\/264068\/"},"modified":"2026-08-30T07:47:16","modified_gmt":"2026-08-30T07:47:16","slug":"venemaa-pikendas-diislikutuse-ekspordikeeldu-arileht","status":"publish","type":"post","link":"https:\/\/www.europesays.com\/ee\/264068\/","title":{"rendered":"Venemaa pikendas diislik\u00fctuse ekspordikeeldu &#8211; \u00c4rileht"},"content":{"rendered":"<p>Uue m\u00e4\u00e4ruse j\u00e4rgi ei tohi ka k\u00fctust ise tootvad ettev\u00f5tted diislik\u00fctust, laevak\u00fctust ega gaasi\u00f5lisid eksportida enne 30. septembrit. Seni pidi piirang nende jaoks l\u00f5ppema augusti viimasel p\u00e4eval. Diislik\u00fctuse ekspordikeeld kehtestati juuli alguses.<\/p>\n<p>Valitsuse teatel soovitakse otsusega hoida Venemaa siseturul k\u00fctusevarustus ja hinnad stabiilsena. Teistele turuosalistele kehtib nende k\u00fctuste ekspordikeeld juba 2027. aasta 31. jaanuarini. Sama kaua on k\u00f5igil turuosalistel keelatud eksportida <a rel=\"noopener nofollow\" target=\"_blank\" href=\"https:\/\/www.delfi.ee\/teema\/96852384\/bensiin-1\" tag-id=\"96852384\">bensiini<\/a>.<\/p>\n<p>Venemaa <a rel=\"noopener nofollow\" target=\"_blank\" href=\"https:\/\/www.delfi.ee\/teema\/96859056\/kutuseturg-1\" tag-id=\"96859056\">k\u00fctuseturg<\/a> on sattunud surve alla Ukraina sagenenud droonir\u00fcnnakute t\u00f5ttu, mis on kahjustanud naftat\u00f6\u00f6tlemistehaseid ja v\u00e4hendanud nende tootmismahtu. Mitmes Venemaa piirkonnas kehtestati suvel k\u00fctusem\u00fc\u00fcgi piirangud. Kui olukord vahepeal ajutiselt paranes, siis augustis tekkis taas tarneraskusi. Mitu r\u00fcnnakutes kannatada saanud tehast pole endiselt t\u00e4ies mahus t\u00f6\u00f6d alustanud.<\/p>\n<p>Kuidas see lugu Sind end tundma pani?Saada<a href=\"https:\/\/arileht.delfi.ee\/a\/120606961\/venemaa-pikendas-diislikutuse-ekspordikeeldu\/kommentaarid\" class=\"button button--primary button--size-auto article-body-bottom__comment article-body-bottom__comment--write\" style=\"\" rel=\"nofollow noopener\" target=\"_blank\">Kommenteeri<\/a><a href=\"https:\/\/arileht.delfi.ee\/a\/120606961\/venemaa-pikendas-diislikutuse-ekspordikeeldu\/kommentaarid\" class=\"button button--size-auto article-body-bottom__comment article-body-bottom__comment--read\" style=\"\" rel=\"nofollow noopener\" target=\"_blank\">Loe kommentaare (10)<\/a><\/p>\n","protected":false},"excerpt":{"rendered":"Uue m\u00e4\u00e4ruse j\u00e4rgi ei tohi ka k\u00fctust ise tootvad ettev\u00f5tted diislik\u00fctust, laevak\u00fctust ega gaasi\u00f5lisid eksportida enne 30. septembrit.&hellip;\n","protected":false},"author":2,"featured_media":264069,"comment_status":"","ping_status":"","sticky":false,"template":"","format":"standard","meta":{"footnotes":"","_share_on_mastodon":"0"},"categories":[14],"tags":[131,2874,130,9087,37,33,35,34,36,6799,102578],"class_list":["post-264068","post","type-post","status-publish","format-standard","has-post-thumbnail","category-ari","tag-ari","tag-bensiin","tag-business","tag-diislikutus","tag-ee","tag-eesti","tag-eesti-keel","tag-estonia","tag-estonian","tag-kutuseturg","tag-venemaa-valitsus"],"share_on_mastodon":{"url":"https:\/\/pubeurope.com\/@ee\/117183358316901461","error":""},"_links":{"self":[{"href":"https:\/\/www.europesays.com\/ee\/wp-json\/wp\/v2\/posts\/264068","targetHints":{"allow":["GET"]}}],"collection":[{"href":"https:\/\/www.europesays.com\/ee\/wp-json\/wp\/v2\/posts"}],"about":[{"href":"https:\/\/www.europesays.com\/ee\/wp-json\/wp\/v2\/types\/post"}],"author":[{"embeddable":true,"href":"https:\/\/www.europesays.com\/ee\/wp-json\/wp\/v2\/users\/2"}],"replies":[{"embeddable":true,"href":"https:\/\/www.europesays.com\/ee\/wp-json\/wp\/v2\/comments?post=264068"}],"version-history":[{"count":0,"href":"https:\/\/www.europesays.com\/ee\/wp-json\/wp\/v2\/posts\/264068\/revisions"}],"wp:featuredmedia":[{"embeddable":true,"href":"https:\/\/www.europesays.com\/ee\/wp-json\/wp\/v2\/media\/264069"}],"wp:attachment":[{"href":"https:\/\/www.europesays.com\/ee\/wp-json\/wp\/v2\/media?parent=264068"}],"wp:term":[{"taxonomy":"category","embeddable":true,"href":"https:\/\/www.europesays.com\/ee\/wp-json\/wp\/v2\/categories?post=264068"},{"taxonomy":"post_tag","embeddable":true,"href":"https:\/\/www.europesays.com\/ee\/wp-json\/wp\/v2\/tags?post=264068"}],"curies":[{"name":"wp","href":"https:\/\/api.w.org\/{rel}","templated":true}]}}