{"id":264076,"date":"2026-08-30T07:58:07","date_gmt":"2026-08-30T07:58:07","guid":{"rendered":"https:\/\/www.europesays.com\/ee\/264076\/"},"modified":"2026-08-30T07:58:07","modified_gmt":"2026-08-30T07:58:07","slug":"spordimeistri-tiitliga-ukraina-rattur-hukkus-sojas","status":"publish","type":"post","link":"https:\/\/www.europesays.com\/ee\/264076\/","title":{"rendered":"Spordimeistri tiitliga Ukraina rattur hukkus s\u00f5jas"},"content":{"rendered":"<p>Roman Buzile oli surres 33-aastane. Ta s\u00fcndis <a rel=\"noopener nofollow\" target=\"_blank\" href=\"https:\/\/www.delfi.ee\/teema\/67478616\/harkiv\" tag-id=\"67478616\">Harkivis<\/a> ja alustas jalgrattas\u00f5iduga juba noorelt kohalikus \u201eOlimpia\u201c nimelises spordikoolis, kirjutab Ukraina Sport TV.<\/p>\n<p>Buzile oli maantees\u00f5idus mitmekordne Ukraina meister. Muuhulgas osales Buzile juunioride maailma- ja Euroopa meistriv\u00f5istlustel ning veel paljudel velotuuridel v\u00e4ljapool Ukrainat. Kodumaal oli talle omistatud Ukraina spordimeistri tiitel.<\/p>\n<p>\u201eTa oli lihtsalt hea inimene,\u201c avaldas Buzile koondisekaaslane Oleksandr Kvachuk RusDelfile. \u201eS\u00f5itsime koos Kolssi tiimis (Ukraina profitiim, mis on pikka aega olnud riigi tugevaim &#8211; toim). Roman oli alati abivalmis. Ta p\u00fc\u00fcdis alati ka v\u00f5istluste ajal oma meeskonnakaaslasi aidata.\u201c<\/p>\n<p>Ukraina relvaj\u00f5udude (VSU) ridades kaitses Roman Buzile Ukraina territoriaalset terviklikkust ja iseseisvust 80. \u00fcksik r\u00fcndedessantbrigaadis.<\/p>\n<p>Kuidas see lugu Sind end tundma pani?Saada<a href=\"https:\/\/sport.delfi.ee\/artikkel\/120607039\/spordimeistri-tiitliga-ukraina-rattur-hukkus-sojas\/kommentaarid\" class=\"button button--primary button--size-auto article-body-bottom__comment article-body-bottom__comment--write\" style=\"\" rel=\"nofollow noopener\" target=\"_blank\">Kommenteeri<\/a><a href=\"https:\/\/sport.delfi.ee\/artikkel\/120607039\/spordimeistri-tiitliga-ukraina-rattur-hukkus-sojas\/kommentaarid\" class=\"button button--size-auto article-body-bottom__comment article-body-bottom__comment--read\" style=\"\" rel=\"nofollow noopener\" target=\"_blank\">Loe kommentaare (8)<\/a><\/p>\n","protected":false},"excerpt":{"rendered":"Roman Buzile oli surres 33-aastane. Ta s\u00fcndis Harkivis ja alustas jalgrattas\u00f5iduga juba noorelt kohalikus \u201eOlimpia\u201c nimelises spordikoolis, kirjutab&hellip;\n","protected":false},"author":2,"featured_media":264077,"comment_status":"","ping_status":"","sticky":false,"template":"","format":"standard","meta":{"footnotes":"","_share_on_mastodon":"0"},"categories":[14],"tags":[131,130,37,33,35,34,36,892,520,107],"class_list":["post-264076","post","type-post","status-publish","format-standard","has-post-thumbnail","category-ari","tag-ari","tag-business","tag-ee","tag-eesti","tag-eesti-keel","tag-estonia","tag-estonian","tag-harkiv","tag-jalgrattasport","tag-soda-ukrainas"],"share_on_mastodon":{"url":"https:\/\/pubeurope.com\/@ee\/117183401441565425","error":""},"_links":{"self":[{"href":"https:\/\/www.europesays.com\/ee\/wp-json\/wp\/v2\/posts\/264076","targetHints":{"allow":["GET"]}}],"collection":[{"href":"https:\/\/www.europesays.com\/ee\/wp-json\/wp\/v2\/posts"}],"about":[{"href":"https:\/\/www.europesays.com\/ee\/wp-json\/wp\/v2\/types\/post"}],"author":[{"embeddable":true,"href":"https:\/\/www.europesays.com\/ee\/wp-json\/wp\/v2\/users\/2"}],"replies":[{"embeddable":true,"href":"https:\/\/www.europesays.com\/ee\/wp-json\/wp\/v2\/comments?post=264076"}],"version-history":[{"count":0,"href":"https:\/\/www.europesays.com\/ee\/wp-json\/wp\/v2\/posts\/264076\/revisions"}],"wp:featuredmedia":[{"embeddable":true,"href":"https:\/\/www.europesays.com\/ee\/wp-json\/wp\/v2\/media\/264077"}],"wp:attachment":[{"href":"https:\/\/www.europesays.com\/ee\/wp-json\/wp\/v2\/media?parent=264076"}],"wp:term":[{"taxonomy":"category","embeddable":true,"href":"https:\/\/www.europesays.com\/ee\/wp-json\/wp\/v2\/categories?post=264076"},{"taxonomy":"post_tag","embeddable":true,"href":"https:\/\/www.europesays.com\/ee\/wp-json\/wp\/v2\/tags?post=264076"}],"curies":[{"name":"wp","href":"https:\/\/api.w.org\/{rel}","templated":true}]}}