{"id":264084,"date":"2026-08-30T08:11:11","date_gmt":"2026-08-30T08:11:11","guid":{"rendered":"https:\/\/www.europesays.com\/ee\/264084\/"},"modified":"2026-08-30T08:11:11","modified_gmt":"2026-08-30T08:11:11","slug":"kaks-viljandi-volikokku-kuuluvat-riigikogulast-haaletavad-kindlalt-ulle-madise-presidendiks-uks-sailitab-salapara","status":"publish","type":"post","link":"https:\/\/www.europesays.com\/ee\/264084\/","title":{"rendered":"Kaks Viljandi volikokku kuuluvat riigikogulast h\u00e4\u00e4letavad kindlalt \u00dclle Madise presidendiks, \u00fcks s\u00e4ilitab salap\u00e4ra"},"content":{"rendered":"<p>Kolm poliitikut, kes kuuluvad \u00fchtmoodi korraga nii riigikokku kui Viljandi linnavolikokku, esindavad k\u00f5ik erakondi, kes on selgel h\u00e4\u00e4lel asunud presidendivalimistel praeguse \u00f5iguskantsleri \u00dclle Madise selja taha. Isamaa liige Helir-Valdor Seeder on aga \u00fcks neist v\u00e4hestest, kes oma erakonna p\u00f5hiliinist irdus ning Madise toetuseks allkirja ei pannud.<\/p>\n","protected":false},"excerpt":{"rendered":"Kolm poliitikut, kes kuuluvad \u00fchtmoodi korraga nii riigikokku kui Viljandi linnavolikokku, esindavad k\u00f5ik erakondi, kes on selgel h\u00e4\u00e4lel&hellip;\n","protected":false},"author":2,"featured_media":264085,"comment_status":"","ping_status":"","sticky":false,"template":"","format":"standard","meta":{"footnotes":"","_share_on_mastodon":"0"},"categories":[12],"tags":[9125,26,27,37,33,35,34,36,31,32,21,13988,10466,731,819,28,29,6572,647,19,3458,25,18617,18841,643,23,24,22,3457,20,31701,30],"class_list":["post-264084","post","type-post","status-publish","format-standard","has-post-thumbnail","category-eesti","tag-allar-joks","tag-breaking-news","tag-breakingnews","tag-ee","tag-eesti","tag-eesti-keel","tag-estonia","tag-estonian","tag-featured-news","tag-featurednews","tag-headlines","tag-helir-valdor-seeder","tag-helmen-kutt","tag-isamaa","tag-keskerakond","tag-latest-news","tag-latestnews","tag-madis-timpson","tag-mihhail-kolvart","tag-news","tag-oiguskantsler","tag-populaarseimad-lood","tag-presidendi-valimine","tag-presidendivalimised","tag-reformierakond","tag-top-stories","tag-topstories","tag-uldised-uudised","tag-ulle-madise","tag-uudised","tag-valimiskogu","tag-viimased-uudised"],"share_on_mastodon":{"url":"","error":"Validation failed: Text character limit of 500 exceeded"},"_links":{"self":[{"href":"https:\/\/www.europesays.com\/ee\/wp-json\/wp\/v2\/posts\/264084","targetHints":{"allow":["GET"]}}],"collection":[{"href":"https:\/\/www.europesays.com\/ee\/wp-json\/wp\/v2\/posts"}],"about":[{"href":"https:\/\/www.europesays.com\/ee\/wp-json\/wp\/v2\/types\/post"}],"author":[{"embeddable":true,"href":"https:\/\/www.europesays.com\/ee\/wp-json\/wp\/v2\/users\/2"}],"replies":[{"embeddable":true,"href":"https:\/\/www.europesays.com\/ee\/wp-json\/wp\/v2\/comments?post=264084"}],"version-history":[{"count":0,"href":"https:\/\/www.europesays.com\/ee\/wp-json\/wp\/v2\/posts\/264084\/revisions"}],"wp:featuredmedia":[{"embeddable":true,"href":"https:\/\/www.europesays.com\/ee\/wp-json\/wp\/v2\/media\/264085"}],"wp:attachment":[{"href":"https:\/\/www.europesays.com\/ee\/wp-json\/wp\/v2\/media?parent=264084"}],"wp:term":[{"taxonomy":"category","embeddable":true,"href":"https:\/\/www.europesays.com\/ee\/wp-json\/wp\/v2\/categories?post=264084"},{"taxonomy":"post_tag","embeddable":true,"href":"https:\/\/www.europesays.com\/ee\/wp-json\/wp\/v2\/tags?post=264084"}],"curies":[{"name":"wp","href":"https:\/\/api.w.org\/{rel}","templated":true}]}}