{"id":264086,"date":"2026-08-30T08:12:30","date_gmt":"2026-08-30T08:12:30","guid":{"rendered":"https:\/\/www.europesays.com\/ee\/264086\/"},"modified":"2026-08-30T08:12:30","modified_gmt":"2026-08-30T08:12:30","slug":"tipphetked-ja-galeriid-harju-kais-manniku-mandide-alt-roomu-korjamas-kuressaares-paugutati-penalteid-soccernet-ee","status":"publish","type":"post","link":"https:\/\/www.europesays.com\/ee\/264086\/","title":{"rendered":"Tipphetked ja galeriid: Harju k\u00e4is M\u00e4nniku m\u00e4ndide alt r\u00f5\u00f5mu korjamas, Kuressaares paugutati penalteid &#8211; Soccernet.ee"},"content":{"rendered":"<p><img decoding=\"async\" src=\"https:\/\/www.europesays.com\/ee\/wp-content\/uploads\/2026\/08\/1788075257.jpg\" alt=\"Harju lendas M\u00e4nnikul v\u00f5iduni. Foto: Liis Marii K\u00e4gu\"\/>&#13;\n<\/p>\n<p>Premium liiga 25. vooru l\u00fckati k\u00e4ima tabeli teise poole omavaheliste m\u00e4ngudega. Pikima k\u00f5rre t\u00f5mbas N\u00f5mme Unitedist jagu saanud Harju JK Laagri, sellal kui Kuressaare ja P\u00e4rnu Vaprus leppisid viiki.<\/p>\n<p>Harju l\u00e4ks v\u00f5\u00f5rsil N\u00f5mme Unitedi vastu avapoolaja l\u00f5pus juhtima, kui 41. minutil avas skoori Kristjan Kriis. United viigistas aga teise poolaja alguses, 51. minutil oli t\u00e4pne Zakaria Beglari\u0161vili. K\u00fclalistele t\u00f5i 68. minutil 2:1 v\u00f5idu Karel Eerme v\u00e4rav.&#13;\n<\/p>\n<p>&#13;\n<\/p>\n<p>Kuressaare j\u00e4i kodus Vapruse vastu 24. minutil tagaajaja rolli, sest Sander Kapper saatis palli ristnurka. Avapoolaja lisaminutitel teeniti aga penalti ja Jevgeni Demidov viigistas seisu. Teise poolaja algul m\u00e4\u00e4rati Kuressaare kasuks teinegi penalti ja Aston Visse viis kodumeeskonna 51. minutil juhtima. Viimane s\u00f5na j\u00e4i aga Vaprusele, sest Matthias Limberg tegi 74. minutil peal\u00f6\u00f6giga seisuks 2:2.&#13;<\/p>\n","protected":false},"excerpt":{"rendered":"&#13; Premium liiga 25. vooru l\u00fckati k\u00e4ima tabeli teise poole omavaheliste m\u00e4ngudega. Pikima k\u00f5rre t\u00f5mbas N\u00f5mme Unitedist jagu&hellip;\n","protected":false},"author":2,"featured_media":264087,"comment_status":"","ping_status":"","sticky":false,"template":"","format":"standard","meta":{"footnotes":"","_share_on_mastodon":"0"},"categories":[5],"tags":[10337,26,27,57704,37,4718,33,35,34,36,451,31,32,102580,905,502,21,12589,2641,456,28,29,16970,837,19,1813,1621,25,167,8407,23,24,22,2331,20,1622,24138,30,81300],"class_list":["post-264086","post","type-post","status-publish","format-standard","has-post-thumbnail","category-uldised-uudised","tag-beglarisvili","tag-breaking-news","tag-breakingnews","tag-demidov","tag-ee","tag-eerme","tag-eesti","tag-eesti-keel","tag-estonia","tag-estonian","tag-fc-kuressaare","tag-featured-news","tag-featurednews","tag-galeriid","tag-harju","tag-harju-jk-laagri","tag-headlines","tag-kapper","tag-kriis","tag-kuressaare","tag-latest-news","tag-latestnews","tag-limberg","tag-meistriliiga","tag-news","tag-nomme-united","tag-parnu-vaprus","tag-populaarseimad-lood","tag-premium-liiga","tag-tipphetked","tag-top-stories","tag-topstories","tag-uldised-uudised","tag-united","tag-uudised","tag-vaprus","tag-videod","tag-viimased-uudised","tag-visse"],"share_on_mastodon":{"url":"","error":"Validation failed: Text character limit of 500 exceeded"},"_links":{"self":[{"href":"https:\/\/www.europesays.com\/ee\/wp-json\/wp\/v2\/posts\/264086","targetHints":{"allow":["GET"]}}],"collection":[{"href":"https:\/\/www.europesays.com\/ee\/wp-json\/wp\/v2\/posts"}],"about":[{"href":"https:\/\/www.europesays.com\/ee\/wp-json\/wp\/v2\/types\/post"}],"author":[{"embeddable":true,"href":"https:\/\/www.europesays.com\/ee\/wp-json\/wp\/v2\/users\/2"}],"replies":[{"embeddable":true,"href":"https:\/\/www.europesays.com\/ee\/wp-json\/wp\/v2\/comments?post=264086"}],"version-history":[{"count":0,"href":"https:\/\/www.europesays.com\/ee\/wp-json\/wp\/v2\/posts\/264086\/revisions"}],"wp:featuredmedia":[{"embeddable":true,"href":"https:\/\/www.europesays.com\/ee\/wp-json\/wp\/v2\/media\/264087"}],"wp:attachment":[{"href":"https:\/\/www.europesays.com\/ee\/wp-json\/wp\/v2\/media?parent=264086"}],"wp:term":[{"taxonomy":"category","embeddable":true,"href":"https:\/\/www.europesays.com\/ee\/wp-json\/wp\/v2\/categories?post=264086"},{"taxonomy":"post_tag","embeddable":true,"href":"https:\/\/www.europesays.com\/ee\/wp-json\/wp\/v2\/tags?post=264086"}],"curies":[{"name":"wp","href":"https:\/\/api.w.org\/{rel}","templated":true}]}}