{"id":264088,"date":"2026-08-30T08:19:18","date_gmt":"2026-08-30T08:19:18","guid":{"rendered":"https:\/\/www.europesays.com\/ee\/264088\/"},"modified":"2026-08-30T08:19:18","modified_gmt":"2026-08-30T08:19:18","slug":"colorado-solmis-kanadalasega-ajalooliselt-suure-lepingu-jaahoki","status":"publish","type":"post","link":"https:\/\/www.europesays.com\/ee\/264088\/","title":{"rendered":"Colorado s\u00f5lmis kanadalasega ajalooliselt suure lepingu | J\u00e4\u00e4hoki"},"content":{"rendered":"<p>J\u00e4\u00e4hokiliigas NHL s\u00f5lmiti \u00f6\u00f6sel vastu laup\u00e4eva ajalooliselt suur leping, kui Cale Makarist saab esimene m\u00e4ngija liiga ajaloos, kes teenib terve lepingu v\u00e4ltel iga aasta v\u00e4hemalt 20 miljonit dollarit.<\/p>\n<p>2017. aastal draft&#8217;is neljandana valitud Makari on veetnud terve oma karj\u00e4\u00e4ri Colorados ning v\u00f5itnud kahel korral liiga parima kaitsem\u00e4ngija auhinna. 27-aastasena on ta juba neljal korral valitud hooaja l\u00f5pus s\u00fcmboolsesse koosseisu, 2022. aastal sai ta pea kohale t\u00f5sta ka Stanley karika.<\/p>\n<p>Kaitsja leping Coloradoga oleks saanud tuleva hooajaga l\u00e4bi, kuid Avalanche ei lubanud suurep\u00e4rast m\u00e4ngijat vabale turule ning s\u00f5lmis Makariga ajaloolise lepingu. Kanadalane j\u00e4\u00e4b Avalanche&#8217;i ridadesse j\u00e4rgmiseks kaheksaks hooajaks, mille v\u00e4ltel teenib koguni 163,2 miljonit USA dollarit.<\/p>\n<p>ESPN kirjutas, et temast saab esimene m\u00e4ngija liiga ajaloos, kelle keskmine aastatasu terve lepingu v\u00e4ltel on \u00fcle 20 miljoni. Senise lepinguga oleks ta 2026-27 hooajal teeninud \u00fcheksa miljonit dollarit.<\/p>\n<p>Seejuures nihutas Makari leping senist rekordit m\u00e4rkimisv\u00e4\u00e4rselt. NHL-is s\u00f5lmitakse tihtipeale superstaaridega kaheksa-aastaseid lepingupikendusi, kuid Colorado kaitsja lepingu koguv\u00e4\u00e4rtus on eelnevast rekordist pea 30 miljoni dollari suurem. Venelane Kirill Kaprizov s\u00f5lmis eelmise aasta s\u00fcgisel Minnesota Wildiga samuti kaheksa aasta pikkuse lepingu, mille jooksul teenib ta 136 miljonit dollarit. Macklin Celebrini sai kuu aega tagasi San Jose Sharksilt lepingu, mis maksab talle viie aasta jooksul 94 miljonit dollarit.<\/p>\n<p>NHL-i eelhooaeg algab 20. septembril, p\u00f5hiturniiriga tehakse algust 30. septembril.<\/p>\n","protected":false},"excerpt":{"rendered":"J\u00e4\u00e4hokiliigas NHL s\u00f5lmiti \u00f6\u00f6sel vastu laup\u00e4eva ajalooliselt suur leping, kui Cale Makarist saab esimene m\u00e4ngija liiga ajaloos, kes&hellip;\n","protected":false},"author":2,"featured_media":264089,"comment_status":"","ping_status":"","sticky":false,"template":"","format":"standard","meta":{"footnotes":"","_share_on_mastodon":"0"},"categories":[18],"tags":[38336,9334,37,33,35,34,36,4936,159,158],"class_list":["post-264088","post","type-post","status-publish","format-standard","has-post-thumbnail","category-sport","tag-cale-makar","tag-colorado-avalanche","tag-ee","tag-eesti","tag-eesti-keel","tag-estonia","tag-estonian","tag-nhl","tag-sport","tag-sports"],"share_on_mastodon":{"url":"https:\/\/pubeurope.com\/@ee\/117183483940251399","error":""},"_links":{"self":[{"href":"https:\/\/www.europesays.com\/ee\/wp-json\/wp\/v2\/posts\/264088","targetHints":{"allow":["GET"]}}],"collection":[{"href":"https:\/\/www.europesays.com\/ee\/wp-json\/wp\/v2\/posts"}],"about":[{"href":"https:\/\/www.europesays.com\/ee\/wp-json\/wp\/v2\/types\/post"}],"author":[{"embeddable":true,"href":"https:\/\/www.europesays.com\/ee\/wp-json\/wp\/v2\/users\/2"}],"replies":[{"embeddable":true,"href":"https:\/\/www.europesays.com\/ee\/wp-json\/wp\/v2\/comments?post=264088"}],"version-history":[{"count":0,"href":"https:\/\/www.europesays.com\/ee\/wp-json\/wp\/v2\/posts\/264088\/revisions"}],"wp:featuredmedia":[{"embeddable":true,"href":"https:\/\/www.europesays.com\/ee\/wp-json\/wp\/v2\/media\/264089"}],"wp:attachment":[{"href":"https:\/\/www.europesays.com\/ee\/wp-json\/wp\/v2\/media?parent=264088"}],"wp:term":[{"taxonomy":"category","embeddable":true,"href":"https:\/\/www.europesays.com\/ee\/wp-json\/wp\/v2\/categories?post=264088"},{"taxonomy":"post_tag","embeddable":true,"href":"https:\/\/www.europesays.com\/ee\/wp-json\/wp\/v2\/tags?post=264088"}],"curies":[{"name":"wp","href":"https:\/\/api.w.org\/{rel}","templated":true}]}}