{"id":264122,"date":"2026-08-30T09:14:13","date_gmt":"2026-08-30T09:14:13","guid":{"rendered":"https:\/\/www.europesays.com\/ee\/264122\/"},"modified":"2026-08-30T09:14:13","modified_gmt":"2026-08-30T09:14:13","slug":"sillamael-selgitati-ultrajooksu-eesti-meistrid","status":"publish","type":"post","link":"https:\/\/www.europesays.com\/ee\/264122\/","title":{"rendered":"Sillam\u00e4el selgitati ultrajooksu Eesti meistrid"},"content":{"rendered":"<p>Kaur Alle parandas oma eelmisel aastal p\u00fcstitatud isiklikku rekordit ligi poole tunni v\u00f5rra, saades v\u00f5iduajaks 7:35.45. Saaremaa sportlane sai hakkama vinge saavutusega, v\u00f5ites m\u00f5lemad augustikuus Eestis kavas olnud ultrajooksud. Kolm n\u00e4dalat varem oli ta Keilas saanud esikoha Heavy Metal Ultral, l\u00e4bides 46 tunniga \u00fcle 300 kilomeetri. <\/p>\n<p>Sillam\u00e4el j\u00e4rgnesid Kaur Allele leedulane Tomas Rasymas (8:23.09) ja soomlane Veijo Tolonen (8:29.52). <\/p>\n<p>Eesti meistriv\u00f5istluste arvestuses sai h\u00f5beda Andrus R\u00fc\u00fctelmaa (8:45.53) ja pronksi Armo L\u00fc\u00fctsepp (8:54.02). <\/p>\n<p>Naistest l\u00e4bis 50 kahekilomeetrist ringi k\u00f5ige kiiremini Soome ultrajooksja Maria Westerlund, kes sai ajaks 9:03.02, parandades isiklikku rekordit 13 minutiga. <\/p>\n<p>Soomlasele j\u00e4rgnesid Eesti meistriv\u00f5istluste kahe kirkama medali p\u00e4rast p\u00f5neva heitluse pidanud Klarika Kuusk (9:40.04) ja Katrin M\u00e4nnimets-Sevastjanov (9:41.11). L\u00f5puks j\u00e4i esikoha P\u00e4rnusse viinud Kuuske konkurendist lahutama veidi rohkem kui \u00fcks minut. <\/p>\n<p>Seitsmest alustanud naisest vaid kolm suutsidki Sillam\u00e4el 100 kilomeetrit l\u00e4bida. Kokku sai 31-st osalejast 100 kilomeetri aja kirja 20 sportlast, kuid k\u00f5ik v\u00f5istlejad l\u00e4bisid v\u00e4hemalt 50 kilomeetrit. <\/p>\n<p>Esimest korda proovis ultradistantsi ratastoolispordis Eestit paraol\u00fcmpialgi &#8211; seda k\u00fcll kurlingus &#8211; esindanud Mait M\u00e4tas, kes l\u00e4bis distantsi ajaga 9:20.28.<\/p>\n<p>Kuidas see lugu Sind end tundma pani?Saada<a href=\"https:\/\/sport.delfi.ee\/artikkel\/120607048\/sillamael-selgitati-ultrajooksu-eesti-meistrid\/kommentaarid\" class=\"button button--primary button--size-auto article-body-bottom__comment article-body-bottom__comment--write\" style=\"\" rel=\"nofollow noopener\" target=\"_blank\">Kommenteeri<\/a><a href=\"https:\/\/sport.delfi.ee\/artikkel\/120607048\/sillamael-selgitati-ultrajooksu-eesti-meistrid\/kommentaarid\" class=\"button button--size-auto article-body-bottom__comment article-body-bottom__comment--read\" style=\"\" rel=\"nofollow noopener\" target=\"_blank\">Loe kommentaare <\/a><\/p>\n","protected":false},"excerpt":{"rendered":"Kaur Alle parandas oma eelmisel aastal p\u00fcstitatud isiklikku rekordit ligi poole tunni v\u00f5rra, saades v\u00f5iduajaks 7:35.45. Saaremaa sportlane&hellip;\n","protected":false},"author":2,"featured_media":264123,"comment_status":"","ping_status":"","sticky":false,"template":"","format":"standard","meta":{"footnotes":"","_share_on_mastodon":"0"},"categories":[18],"tags":[37,33,35,8766,34,36,2299,159,158],"class_list":["post-264122","post","type-post","status-publish","format-standard","has-post-thumbnail","category-sport","tag-ee","tag-eesti","tag-eesti-keel","tag-eesti-meistrivoistlused","tag-estonia","tag-estonian","tag-sillamae","tag-sport","tag-sports"],"share_on_mastodon":{"url":"https:\/\/pubeurope.com\/@ee\/117183700166933560","error":""},"_links":{"self":[{"href":"https:\/\/www.europesays.com\/ee\/wp-json\/wp\/v2\/posts\/264122","targetHints":{"allow":["GET"]}}],"collection":[{"href":"https:\/\/www.europesays.com\/ee\/wp-json\/wp\/v2\/posts"}],"about":[{"href":"https:\/\/www.europesays.com\/ee\/wp-json\/wp\/v2\/types\/post"}],"author":[{"embeddable":true,"href":"https:\/\/www.europesays.com\/ee\/wp-json\/wp\/v2\/users\/2"}],"replies":[{"embeddable":true,"href":"https:\/\/www.europesays.com\/ee\/wp-json\/wp\/v2\/comments?post=264122"}],"version-history":[{"count":0,"href":"https:\/\/www.europesays.com\/ee\/wp-json\/wp\/v2\/posts\/264122\/revisions"}],"wp:featuredmedia":[{"embeddable":true,"href":"https:\/\/www.europesays.com\/ee\/wp-json\/wp\/v2\/media\/264123"}],"wp:attachment":[{"href":"https:\/\/www.europesays.com\/ee\/wp-json\/wp\/v2\/media?parent=264122"}],"wp:term":[{"taxonomy":"category","embeddable":true,"href":"https:\/\/www.europesays.com\/ee\/wp-json\/wp\/v2\/categories?post=264122"},{"taxonomy":"post_tag","embeddable":true,"href":"https:\/\/www.europesays.com\/ee\/wp-json\/wp\/v2\/tags?post=264122"}],"curies":[{"name":"wp","href":"https:\/\/api.w.org\/{rel}","templated":true}]}}