{"id":264126,"date":"2026-08-30T09:24:11","date_gmt":"2026-08-30T09:24:11","guid":{"rendered":"https:\/\/www.europesays.com\/ee\/264126\/"},"modified":"2026-08-30T09:24:11","modified_gmt":"2026-08-30T09:24:11","slug":"pildid-tallinnas-galeriis-draakoni-koht-avati-urmo-vaikla-isikunaitus-kunst","status":"publish","type":"post","link":"https:\/\/www.europesays.com\/ee\/264126\/","title":{"rendered":"Pildid: Tallinnas galeriis Draakoni k\u00f5ht avati Urmo Vaikla isikun\u00e4itus | Kunst"},"content":{"rendered":"<p>27. augustil avati Tallinnas galeriis Draakoni k\u00f5ht Urmo Vaikla isikun\u00e4itus &#8220;Saar ei ole saar. Tumeda p\u00e4randi varjundid&#8221;.<\/p>\n<p>&#8220;Saar ei ole saar. Tumeda p\u00e4randi varjundid&#8221; on Urmo Vaikla loomep\u00f5hise doktorit\u00f6\u00f6 esimene n\u00e4itus, mis uurib militaarset arhitektuurip\u00e4randit Hiiumaa kontekstis ning selle m\u00f5ju saare maastikule, kohalikule kogukonnale ja kollektiivsele m\u00e4lule.\u00a0<\/p>\n<p>Eraldiseisva ja isoleerituna tunduv saar on globaalpoliitiliste protsesside m\u00f5jusf\u00e4\u00e4ris.\u00a0 Hiiumaale on rajatud kaitseliine ja s\u00f5jalisi objekte nii Esimese kui ka Teise maailmas\u00f5ja eel ja ajal. Rikkalik militaarp\u00e4rand on 50 aasta pikkusest n\u00f5ukogude okupatsiooniajast, kui saar oli N\u00f5ukogude impeeriumi l\u00e4\u00e4nepoolseim piiritsoon. Endiselt on tuntavad rannametsas vonklevad omal ajal \u00fclesk\u00fcntud ja rehitsetud piiriribad, kapillaarv\u00f5rgustikuna hargnevad kaitsekraavid ning siin-seal vedelev okastraat. Arvutud punkrid, rannapatareide laskeplatvormid, piirivalvetornid ning harjutusv\u00e4ljakud seisavad maastikus h\u00fcljatuna meenutades tumedat ajalugu saare looduses.\u00a0<\/p>\n<p>Urmo Vaikla uurimist\u00f6\u00f6 keskendub ruumilistele olukordadele traumaj\u00e4rgsel ajal, k\u00e4sitledes arhitektuurip\u00e4randi p\u00fcsimist ja kohanemist sotsiaalsete ja poliitiliste muutuste kontekstis. Eesm\u00e4rk on kaardistada ning uurida ruumilisi v\u00e4\u00e4rtusi ning otsida vastust k\u00fcsimusele kas ja kuidas m\u00f5testada ning (taas)kasutada tumedat p\u00e4randit.\u00a0<\/p>\n<p>Metodoloogiliselt tugineb n\u00e4ituseprojekt kahele kureeritud rahvusvahelisele militaarp\u00e4randit k\u00e4sitlevale loomeresidentuurile Time Lap\u00a0 ja Pinhole, mis toimusid Kordoni loomeresidentuuris Hiiumaal 2024-2026. Residentuuriprogrammide eesm\u00e4rk oli k\u00e4sitleda poliitilist traumat (somaatilise) kogemuse ning isiklike esemete ja kogemuse kaudu. N\u00e4itus on visuaalne ja poeetiline kokkuv\u00f5te kollektiivse uurimist\u00f6\u00f6 k\u00e4igus kogutud ja kogetud materjalist ning selle p\u00f5hjal valminud loomeprojektidest.<\/p>\n<p>&#8220;Saar ei ole saar. Tumeda varjundi erip\u00e4rad&#8221; j\u00e4\u00e4b Draakoni k\u00f5hus avatuks kuni 26. septembrini.<\/p>\n","protected":false},"excerpt":{"rendered":"27. augustil avati Tallinnas galeriis Draakoni k\u00f5ht Urmo Vaikla isikun\u00e4itus &#8220;Saar ei ole saar. Tumeda p\u00e4randi varjundid&#8221;. &#8220;Saar&hellip;\n","protected":false},"author":2,"featured_media":264127,"comment_status":"","ping_status":"","sticky":false,"template":"","format":"standard","meta":{"footnotes":"","_share_on_mastodon":"0"},"categories":[16],"tags":[102619,37,33,35,173,34,36,190,140,102620,102618],"class_list":["post-264126","post","type-post","status-publish","format-standard","has-post-thumbnail","category-meelelahutus","tag-draakoni-koht","tag-ee","tag-eesti","tag-eesti-keel","tag-entertainment","tag-estonia","tag-estonian","tag-kunst","tag-meelelahutus","tag-saar-ei-ole-saar-tumeda-parandi-varjundid","tag-urmo-vaikla"],"share_on_mastodon":{"url":"https:\/\/pubeurope.com\/@ee\/117183739550718356","error":""},"_links":{"self":[{"href":"https:\/\/www.europesays.com\/ee\/wp-json\/wp\/v2\/posts\/264126","targetHints":{"allow":["GET"]}}],"collection":[{"href":"https:\/\/www.europesays.com\/ee\/wp-json\/wp\/v2\/posts"}],"about":[{"href":"https:\/\/www.europesays.com\/ee\/wp-json\/wp\/v2\/types\/post"}],"author":[{"embeddable":true,"href":"https:\/\/www.europesays.com\/ee\/wp-json\/wp\/v2\/users\/2"}],"replies":[{"embeddable":true,"href":"https:\/\/www.europesays.com\/ee\/wp-json\/wp\/v2\/comments?post=264126"}],"version-history":[{"count":0,"href":"https:\/\/www.europesays.com\/ee\/wp-json\/wp\/v2\/posts\/264126\/revisions"}],"wp:featuredmedia":[{"embeddable":true,"href":"https:\/\/www.europesays.com\/ee\/wp-json\/wp\/v2\/media\/264127"}],"wp:attachment":[{"href":"https:\/\/www.europesays.com\/ee\/wp-json\/wp\/v2\/media?parent=264126"}],"wp:term":[{"taxonomy":"category","embeddable":true,"href":"https:\/\/www.europesays.com\/ee\/wp-json\/wp\/v2\/categories?post=264126"},{"taxonomy":"post_tag","embeddable":true,"href":"https:\/\/www.europesays.com\/ee\/wp-json\/wp\/v2\/tags?post=264126"}],"curies":[{"name":"wp","href":"https:\/\/api.w.org\/{rel}","templated":true}]}}