{"id":264128,"date":"2026-08-30T09:25:08","date_gmt":"2026-08-30T09:25:08","guid":{"rendered":"https:\/\/www.europesays.com\/ee\/264128\/"},"modified":"2026-08-30T09:25:08","modified_gmt":"2026-08-30T09:25:08","slug":"federer-kuulsuste-hallis-aitah-et-jagasite-minuga-seda-imelist-teekonda-tennis","status":"publish","type":"post","link":"https:\/\/www.europesays.com\/ee\/264128\/","title":{"rendered":"Federer kuulsuste hallis: ait\u00e4h, et jagasite minuga seda imelist teekonda | Tennis"},"content":{"rendered":"<p>20-kordne sl\u00e4mmiv\u00f5itja Roger Federer nimetati laup\u00e4eval Rhode Islandi osariigis Newportis toimunud tseremoonial tennise kuulsuste halli.<\/p>\n<p>\u0160veitsi tenniselegend veetis kuulsusrikka karj\u00e4\u00e4ri jooksul 310 n\u00e4dalat maailma esireketina ning v\u00f5itis ATP tasemel 103 turniiri, sealhulgas kaheksa Wimbledoni, kuus Austraalia lahtiste ja viis USA lahtiste sl\u00e4mmitiitlit ning \u00fche Prantsusmaa lahtiste trofee.<\/p>\n<p>&#8220;See on \u00fcks mu elu auv\u00e4\u00e4rsemaid hetki. Nad nimetasid selle kuulsuste halliks, aga kuulsus ei olnud kunagi eesm\u00e4rgiks,&#8221; s\u00f5nas Federer laup\u00e4evasel auhinnatseremoonial. &#8220;Minu eesm\u00e4rk oli veeta oma elu tehes midagi, mida armastan; inimestega, kes armastavad seda sama palju kui mina.&#8221;<\/p>\n<p>Oma k\u00f5nes meenutas Federer lapsep\u00f5lve \u0160veitsis pallipoisina. &#8220;Seisan vastu tagaseina, k\u00e4ed selja taga, silmad pallil. Ma ei unusta iial, kuidas m\u00e4ng sealt vaadates mulle tundus. M\u00e4ngijatele nii l\u00e4hedal seismine, neile palli ja r\u00e4tiku andmine, nende v\u00f5itluse vaatamine oli \u00e4\u00e4rmiselt p\u00f5nev. M\u00e4letan, et j\u00e4rgmisel hommikul polnud mul jalgu all: p\u00e4ev otsa seismine on raske t\u00f6\u00f6,&#8221; j\u00e4tkas Federer.<\/p>\n<p>&#8220;Tennis t\u00e4hendas minu jaoks k\u00f5ike. Mitte ainult m\u00e4ngimine ja v\u00f5itmine, vaid millegi uue loomine,&#8221; \u00fctles tenniselegend, kes muutus oma treenereid, arste ja perekonda t\u00e4nades emotsionaalseks.<\/p>\n<p>&#8220;Tennisest sai mu elu. Mu ema t\u00f6\u00f6tas t\u00e4iskohaga, aga leidis aega, et organiseerida mu trenne, mind v\u00f5istlustele kirja panna ja mu treenereid toetada. T\u00e4nu emale juhtus see k\u00f5ik: ait\u00e4h, ema! Mulle on \u00f6eldud, et mu isa m\u00e4ngis ka tennist,&#8221; naeris Federer.<\/p>\n<p>&#8220;[Abikaasa] Mirka \u00f5petas mulle, kuidas paremini tennisele keskenduda ning \u00fclej\u00e4\u00e4nud elust r\u00f5\u00f5mu tunda. Imeline ema meie neljale lapsele, kes muudab meie eludes v\u00f5imatu v\u00f5imalikuks. V\u00f5tame \u00fcksteisel k\u00e4est ja jookseme l\u00e4bi seinte,&#8221; s\u00f5nas 20-kordne sl\u00e4mmiv\u00f5itja.<\/p>\n<p>&#8220;\u00dcritasin n\u00e4idata, kuidas seda m\u00e4ngu armastan: sest see t\u00f5esti t\u00e4hendas minu jaoks nii palju ja ma tahtsin, et see t\u00e4hendaks sama ka teile. Et see oleks teie t\u00e4helepanu v\u00e4\u00e4riline, sest inimesed ei pea tulema meid vaatama. Nad tulevad, sest tahavad leida inspiratsiooni, meelelahutust ja p\u00f5nevust. Nad v\u00f5iks leida midagi muud, aga nad valisid tennise; nad valisid meid. Poiss Baselist t\u00e4nab teid selle imelise au eest. Ait\u00e4h teile k\u00f5igile, et jagasite minuga teekonda, mis t\u00f5i meid kokku,&#8221; l\u00f5petas Federer.<\/p>\n<p>Lisaks Federerile nimetati Newportis kuulsuste halli tennisekommentaator Mary Carillo.<\/p>\n","protected":false},"excerpt":{"rendered":"20-kordne sl\u00e4mmiv\u00f5itja Roger Federer nimetati laup\u00e4eval Rhode Islandi osariigis Newportis toimunud tseremoonial tennise kuulsuste halli. \u0160veitsi tenniselegend veetis&hellip;\n","protected":false},"author":2,"featured_media":264129,"comment_status":"","ping_status":"","sticky":false,"template":"","format":"standard","meta":{"footnotes":"","_share_on_mastodon":"0"},"categories":[18],"tags":[37,33,35,34,36,8355,159,158,102621],"class_list":["post-264128","post","type-post","status-publish","format-standard","has-post-thumbnail","category-sport","tag-ee","tag-eesti","tag-eesti-keel","tag-estonia","tag-estonian","tag-roger-federer","tag-sport","tag-sports","tag-tennise-kuulsuste-hall"],"share_on_mastodon":{"url":"https:\/\/pubeurope.com\/@ee\/117183743730378912","error":""},"_links":{"self":[{"href":"https:\/\/www.europesays.com\/ee\/wp-json\/wp\/v2\/posts\/264128","targetHints":{"allow":["GET"]}}],"collection":[{"href":"https:\/\/www.europesays.com\/ee\/wp-json\/wp\/v2\/posts"}],"about":[{"href":"https:\/\/www.europesays.com\/ee\/wp-json\/wp\/v2\/types\/post"}],"author":[{"embeddable":true,"href":"https:\/\/www.europesays.com\/ee\/wp-json\/wp\/v2\/users\/2"}],"replies":[{"embeddable":true,"href":"https:\/\/www.europesays.com\/ee\/wp-json\/wp\/v2\/comments?post=264128"}],"version-history":[{"count":0,"href":"https:\/\/www.europesays.com\/ee\/wp-json\/wp\/v2\/posts\/264128\/revisions"}],"wp:featuredmedia":[{"embeddable":true,"href":"https:\/\/www.europesays.com\/ee\/wp-json\/wp\/v2\/media\/264129"}],"wp:attachment":[{"href":"https:\/\/www.europesays.com\/ee\/wp-json\/wp\/v2\/media?parent=264128"}],"wp:term":[{"taxonomy":"category","embeddable":true,"href":"https:\/\/www.europesays.com\/ee\/wp-json\/wp\/v2\/categories?post=264128"},{"taxonomy":"post_tag","embeddable":true,"href":"https:\/\/www.europesays.com\/ee\/wp-json\/wp\/v2\/tags?post=264128"}],"curies":[{"name":"wp","href":"https:\/\/api.w.org\/{rel}","templated":true}]}}