{"id":264144,"date":"2026-08-30T09:48:19","date_gmt":"2026-08-30T09:48:19","guid":{"rendered":"https:\/\/www.europesays.com\/ee\/264144\/"},"modified":"2026-08-30T09:48:19","modified_gmt":"2026-08-30T09:48:19","slug":"usa-kohus-valitsus-karistas-anthropicut-nende-pohimotete-eest","status":"publish","type":"post","link":"https:\/\/www.europesays.com\/ee\/264144\/","title":{"rendered":"USA kohus: valitsus karistas Anthropicut nende p\u00f5him\u00f5tete eest"},"content":{"rendered":"<p>Anthropicule m\u00e4\u00e4rati laiad piirangud. President Donald Trump k\u00e4skis f\u00f6deraalasutustel Claude\u2019i kasutamise kuni kuue kuu jooksul l\u00f5petada. Pentagon keelas samal ajal kaitset\u00f6\u00f6v\u00f5tjatel, tarnijatel ja partneritel Anthropicu firmaga \u00e4ri teha.<\/p>\n<p>T\u00fcli p\u00f5hjustas s\u00fcgavam v\u00e4\u00e4rtuskonflikt<\/p>\n<p>Claude\u2019i kasutamine USA kaitsevaldkonnas polnud t\u00e4ielikult keelatud. Anthropicu tingimused lubasid n\u00e4iteks v\u00e4lisluure anal\u00fc\u00fcsi, r\u00fcndavaid k\u00fcberoperatsioone ja teatavat luureandmete kogumist.<\/p>\n<p>Ettev\u00f5te ei lubanud siiski Claude\u2019i kasutada ameeriklaste massiliseks j\u00e4lgimiseks. Lisaks seisis Anthropic vastu sellele, et USA armees hakataks kasutama automaatseid AI relvi, kus tehisaru ise otsustab, keda ja millal tulistada.<\/p>\n<p>See ei t\u00e4henda p\u00f5him\u00f5ttelist keeldu koost\u00f6\u00f6st kaitsevaldkonnaga. Antropicu arvates peab inimene s\u00e4ilitama vastutuse surmava j\u00f5u kasutamise eest ja tehisaru ei tohiks ise selliseid otsuseid teha.<\/p>\n<p>Kohus: ettev\u00f5tet karistati<\/p>\n<p>Kohtunik Rita Lin leidis, et valitsus ei esitanud t\u00f5endeid, nagu kujutaks Anthropic endast sabotaa\u017ei-, infiltratsiooni- v\u00f5i muud julgeolekuriski. Kohtu hinnangul oli konflikti tegelik p\u00f5hjus Anthropicu avalik kriitika ja keeldumine Pentagoni n\u00f5utud tingimustest.<\/p>\n<p>Kohus leidis, et USA kaitseministeerium karistas ettev\u00f5tet nende p\u00f5him\u00f5tete eest. Samuti ei saanud Anthropic piisavat v\u00f5imalust end kaitsta. <\/p>\n<p>Otsus ei kohusta Pentagoni Claude\u2019i kasutama. Valitsus v\u00f5ib valida m\u00f5ne teise tehisintellekti pakkuja, kuid ei saa kohtu hinnangul keelata teistel riigiasutustel ja partneritel kasutada Anthropicu tehisarumudeleid. <\/p>\n<p>Kuidas see lugu Sind end tundma pani?Saada<\/p>\n","protected":false},"excerpt":{"rendered":"Anthropicule m\u00e4\u00e4rati laiad piirangud. President Donald Trump k\u00e4skis f\u00f6deraalasutustel Claude\u2019i kasutamise kuni kuue kuu jooksul l\u00f5petada. Pentagon keelas&hellip;\n","protected":false},"author":2,"featured_media":264145,"comment_status":"","ping_status":"","sticky":false,"template":"","format":"standard","meta":{"footnotes":"","_share_on_mastodon":"0"},"categories":[14],"tags":[375,7582,131,130,18838,37,33,35,34,36],"class_list":["post-264144","post","type-post","status-publish","format-standard","has-post-thumbnail","category-ari","tag-ai","tag-anthropic","tag-ari","tag-business","tag-claude","tag-ee","tag-eesti","tag-eesti-keel","tag-estonia","tag-estonian"],"share_on_mastodon":{"url":"https:\/\/pubeurope.com\/@ee\/117183834131527652","error":""},"_links":{"self":[{"href":"https:\/\/www.europesays.com\/ee\/wp-json\/wp\/v2\/posts\/264144","targetHints":{"allow":["GET"]}}],"collection":[{"href":"https:\/\/www.europesays.com\/ee\/wp-json\/wp\/v2\/posts"}],"about":[{"href":"https:\/\/www.europesays.com\/ee\/wp-json\/wp\/v2\/types\/post"}],"author":[{"embeddable":true,"href":"https:\/\/www.europesays.com\/ee\/wp-json\/wp\/v2\/users\/2"}],"replies":[{"embeddable":true,"href":"https:\/\/www.europesays.com\/ee\/wp-json\/wp\/v2\/comments?post=264144"}],"version-history":[{"count":0,"href":"https:\/\/www.europesays.com\/ee\/wp-json\/wp\/v2\/posts\/264144\/revisions"}],"wp:featuredmedia":[{"embeddable":true,"href":"https:\/\/www.europesays.com\/ee\/wp-json\/wp\/v2\/media\/264145"}],"wp:attachment":[{"href":"https:\/\/www.europesays.com\/ee\/wp-json\/wp\/v2\/media?parent=264144"}],"wp:term":[{"taxonomy":"category","embeddable":true,"href":"https:\/\/www.europesays.com\/ee\/wp-json\/wp\/v2\/categories?post=264144"},{"taxonomy":"post_tag","embeddable":true,"href":"https:\/\/www.europesays.com\/ee\/wp-json\/wp\/v2\/tags?post=264144"}],"curies":[{"name":"wp","href":"https:\/\/api.w.org\/{rel}","templated":true}]}}