{"id":264146,"date":"2026-08-30T09:50:08","date_gmt":"2026-08-30T09:50:08","guid":{"rendered":"https:\/\/www.europesays.com\/ee\/264146\/"},"modified":"2026-08-30T09:50:08","modified_gmt":"2026-08-30T09:50:08","slug":"euroopa-astub-talvele-vastu-gaasikriisi-hirmus-eesti-seis-tundub-olevat-teistest-parem-kuid-uks-oht-on","status":"publish","type":"post","link":"https:\/\/www.europesays.com\/ee\/264146\/","title":{"rendered":"Euroopa astub talvele vastu gaasikriisi hirmus. Eesti seis tundub olevat teistest parem, kuid \u00fcks oht on"},"content":{"rendered":"<p>K\u00e4esoleva aasta augusti l\u00f5pu seisuga on Euroopa Liidu gaasihoidlate t\u00e4ituvus vaid ligikaudu 61\u201363% t\u00f6\u00f6mahust. V\u00f5rreldes l\u00e4himinevikuga on pilt murettekitav: hoidlad on viimase viie aasta keskmisest tasemest ligi 14 protsendipunkti v\u00f5rra maas. Tegemist on madalaima t\u00e4ituvusega peaaegu kahe aastak\u00fcmne jooksul.<\/p>\n<p>Erinevalt eelmisest suvest, mil hoidlad t\u00e4itusid j\u00f5udsalt ja saavutasid varakult seatud eesm\u00e4rgid, seisab Euroopa n\u00fc\u00fcd silmitsi t\u00f5sise mahaj\u00e4\u00e4musega. Anal\u00fc\u00fctikute ja turuekspertide hinnangul on ebat\u00f5en\u00e4oline, et 1. novembriks suudetakse isegi leevendatud 75\u201380% t\u00e4ituvuse eesm\u00e4rki saavutada, r\u00e4\u00e4kimata varasemast 90% n\u00f5udest. Ainu\u00fcksi 80% piiri saavutamiseks oleks vaja \u00fcle 140 <a rel=\"noopener nofollow\" target=\"_blank\" href=\"https:\/\/www.delfi.ee\/teema\/68208125\/lng\" tag-id=\"68208125\">LNG<\/a>-laeva saabumist kuus, mis on praegustes turutingimustes ebarealistlik.<\/p>\n<p><a href=\"https:\/\/arileht.delfi.ee\/a\/120607004\/euroopa-astub-talvele-vastu-gaasikriisi-hirmus-eesti-seis-tundub-olevat-teistest-parem-kuid-uks-oht-on\/kommentaarid\" class=\"button button--primary button--size-auto article-body-bottom__comment article-body-bottom__comment--write\" style=\"\" rel=\"nofollow noopener\" target=\"_blank\">Kommenteeri<\/a><a href=\"https:\/\/arileht.delfi.ee\/a\/120607004\/euroopa-astub-talvele-vastu-gaasikriisi-hirmus-eesti-seis-tundub-olevat-teistest-parem-kuid-uks-oht-on\/kommentaarid\" class=\"button button--size-auto article-body-bottom__comment article-body-bottom__comment--read\" style=\"\" rel=\"nofollow noopener\" target=\"_blank\">Loe kommentaare (2)<\/a><\/p>\n","protected":false},"excerpt":{"rendered":"K\u00e4esoleva aasta augusti l\u00f5pu seisuga on Euroopa Liidu gaasihoidlate t\u00e4ituvus vaid ligikaudu 61\u201363% t\u00f6\u00f6mahust. V\u00f5rreldes l\u00e4himinevikuga on pilt&hellip;\n","protected":false},"author":2,"featured_media":264147,"comment_status":"","ping_status":"","sticky":false,"template":"","format":"standard","meta":{"footnotes":"","_share_on_mastodon":"0"},"categories":[12],"tags":[26,27,37,33,35,7429,7380,34,36,31,32,21,28,29,2894,19,6444,25,23,24,22,20,30],"class_list":["post-264146","post","type-post","status-publish","format-standard","has-post-thumbnail","category-eesti","tag-breaking-news","tag-breakingnews","tag-ee","tag-eesti","tag-eesti-keel","tag-elektrihind","tag-elenger","tag-estonia","tag-estonian","tag-featured-news","tag-featurednews","tag-headlines","tag-latest-news","tag-latestnews","tag-lng","tag-news","tag-nord-pool","tag-populaarseimad-lood","tag-top-stories","tag-topstories","tag-uldised-uudised","tag-uudised","tag-viimased-uudised"],"share_on_mastodon":{"url":"https:\/\/pubeurope.com\/@ee\/117183841681565345","error":""},"_links":{"self":[{"href":"https:\/\/www.europesays.com\/ee\/wp-json\/wp\/v2\/posts\/264146","targetHints":{"allow":["GET"]}}],"collection":[{"href":"https:\/\/www.europesays.com\/ee\/wp-json\/wp\/v2\/posts"}],"about":[{"href":"https:\/\/www.europesays.com\/ee\/wp-json\/wp\/v2\/types\/post"}],"author":[{"embeddable":true,"href":"https:\/\/www.europesays.com\/ee\/wp-json\/wp\/v2\/users\/2"}],"replies":[{"embeddable":true,"href":"https:\/\/www.europesays.com\/ee\/wp-json\/wp\/v2\/comments?post=264146"}],"version-history":[{"count":0,"href":"https:\/\/www.europesays.com\/ee\/wp-json\/wp\/v2\/posts\/264146\/revisions"}],"wp:featuredmedia":[{"embeddable":true,"href":"https:\/\/www.europesays.com\/ee\/wp-json\/wp\/v2\/media\/264147"}],"wp:attachment":[{"href":"https:\/\/www.europesays.com\/ee\/wp-json\/wp\/v2\/media?parent=264146"}],"wp:term":[{"taxonomy":"category","embeddable":true,"href":"https:\/\/www.europesays.com\/ee\/wp-json\/wp\/v2\/categories?post=264146"},{"taxonomy":"post_tag","embeddable":true,"href":"https:\/\/www.europesays.com\/ee\/wp-json\/wp\/v2\/tags?post=264146"}],"curies":[{"name":"wp","href":"https:\/\/api.w.org\/{rel}","templated":true}]}}