{"id":264150,"date":"2026-08-30T10:21:13","date_gmt":"2026-08-30T10:21:13","guid":{"rendered":"https:\/\/www.europesays.com\/ee\/264150\/"},"modified":"2026-08-30T10:21:13","modified_gmt":"2026-08-30T10:21:13","slug":"elva-sai-naiste-meistriliigas-tiitlikaitsja-flora-ule-ajaloolise-voidu-jalgpall","status":"publish","type":"post","link":"https:\/\/www.europesays.com\/ee\/264150\/","title":{"rendered":"Elva sai naiste meistriliigas tiitlikaitsja Flora \u00fcle ajaloolise v\u00f5idu | Jalgpall"},"content":{"rendered":"<p>Naiste jalgpalli meistriliiga 16. voor pakkus mitu \u00fcllatust. Elva alistas koduv\u00e4ljakul valitseva meistri Flora, Paide sai jagu tabelinaaber Viimsist ning Harju ja Sporting leppisid viiki.<\/p>\n<p>Vooru suurima \u00fcllatuse eest hoolitses FC Elva, kes alistas koduv\u00e4ljakul valitseva meistri Tallinna FC Flora\u00a03:2. Tegemist oli Elva esimese v\u00f5iduga Flora \u00fcle, vahendab <a href=\"https:\/\/jalgpall.ee\/voistlused\/uudised\/video-elva-alistas-flora-paide-kerkis-tabeliliidriga-vordsetele-n26327?siteacc=events\" target=\"_blank\" rel=\"noopener nofollow\">jalgpall.ee<\/a>.<\/p>\n<p>Elva haaras juhtohjad 29. minutil, kui skoori avas Mirtel Kalamees. Teise poolaja alguses suurendas K\u00e4rt H\u00fcdsi kodunaiste eduseisu 2:0-le. Flora j\u00f5udis m\u00e4ngu tagasi 77. minutil, kui t\u00e4pne oli Karola Purgats. K\u00fcmme minutit hiljem t\u00f5i vahetusest sekkunud Darja Uzjukina tabloole viigi. Viimase s\u00f5na sai aga Elva, kui kohtumise kolmandal \u00fcleminutil saatis Leili Eek palli Flora v\u00e4ravasse ja kindlustas kodunaiskonnale ajaloolise 3:2 v\u00f5idu.<\/p>\n<p>Hoolimata kaotusest j\u00e4tkab Flora 30 punktiga tabeli esireal. Elva on teeninud 10 punkti ning paigutub tabelis kuuendale positsioonile.<\/p>\n<p>Vooru avam\u00e4ngus v\u00f5\u00f5rustas Paide Linnanaiskond Viimsi JK-d ning teenis\u00a02:1\u00a0v\u00f5idu. Paide asus kohtumist juhtima 21. minutil, kui Lisette Tammik suunas Annegret Kala antud tsenderduse peaga lati alla. Kodunaiskonna eduseis kasvas 74. minutil, mil Carola Erik kasutas \u00e4ra karistusalas lahtiseks j\u00e4\u00e4nud palli. Viimsi vastas \u00fcheksa minutit hiljem, kui v\u00e4rava sai kirja Gerli Israel.<\/p>\n<p>Paide teenis v\u00f5iduga tabelisse kolm punkti ning t\u00f5usis 30 punktile \u2013 sama palju on kogunud tabeliliider Tallinna FC Flora, ent neil on ka \u00fcks kohtumine v\u00e4hem peetud. Viimsi j\u00e4tkab 27 punktiga kolmandal kohal, l\u00e4him j\u00e4litaja Sporting hingab \u00fche punkti kaugusel kuklasse.<\/p>\n<p>Vooru viimases kohtumises leppisid Harju JK Laagri ja Saku Sporting\u00a01:1\u00a0viiki. Harju l\u00e4ks 30. minutil juhtima, kui Adele Prede l\u00f5i oma esimese v\u00e4rava meistriliigas. Saku suutis viigini j\u00f5uda alles kuus minutit enne normaalaja l\u00f5ppu: paar minutit varem vahetusest sekkunud Marleen Liivik oli see, kes k\u00fclalistele viigipunkti t\u00f5i.<\/p>\n<p>Sporting j\u00e4tkab viigi j\u00e4rel neljandal positsioonil, olles kogunud 26 silma. L\u00e4him j\u00e4litatav paikneb \u00fche punkti kaugusel, liidrist lahutab neid neli silma. Harju on teeninud 12 punkti ning paigutub viiendale reale \u2013 Elva on neil kahe punkti kaugusel kannul.<\/p>\n<p>Meistriliiga 17. vooru kohtumised ootavad naiskondi ees 5. ja 6. septembril.<\/p>\n","protected":false},"excerpt":{"rendered":"Naiste jalgpalli meistriliiga 16. voor pakkus mitu \u00fcllatust. Elva alistas koduv\u00e4ljakul valitseva meistri Flora, Paide sai jagu tabelinaaber&hellip;\n","protected":false},"author":2,"featured_media":264151,"comment_status":"","ping_status":"","sticky":false,"template":"","format":"standard","meta":{"footnotes":"","_share_on_mastodon":"0"},"categories":[18],"tags":[37,33,35,34,36,172,983,1513,2828,159,158,2826,2827,1442],"class_list":["post-264150","post","type-post","status-publish","format-standard","has-post-thumbnail","category-sport","tag-ee","tag-eesti","tag-eesti-keel","tag-estonia","tag-estonian","tag-jalgpall","tag-kergejoustik","tag-korvpall","tag-ralli","tag-sport","tag-sports","tag-talisport","tag-tennis","tag-vorkpall"],"share_on_mastodon":{"url":"https:\/\/pubeurope.com\/@ee\/117183963705395803","error":""},"_links":{"self":[{"href":"https:\/\/www.europesays.com\/ee\/wp-json\/wp\/v2\/posts\/264150","targetHints":{"allow":["GET"]}}],"collection":[{"href":"https:\/\/www.europesays.com\/ee\/wp-json\/wp\/v2\/posts"}],"about":[{"href":"https:\/\/www.europesays.com\/ee\/wp-json\/wp\/v2\/types\/post"}],"author":[{"embeddable":true,"href":"https:\/\/www.europesays.com\/ee\/wp-json\/wp\/v2\/users\/2"}],"replies":[{"embeddable":true,"href":"https:\/\/www.europesays.com\/ee\/wp-json\/wp\/v2\/comments?post=264150"}],"version-history":[{"count":0,"href":"https:\/\/www.europesays.com\/ee\/wp-json\/wp\/v2\/posts\/264150\/revisions"}],"wp:featuredmedia":[{"embeddable":true,"href":"https:\/\/www.europesays.com\/ee\/wp-json\/wp\/v2\/media\/264151"}],"wp:attachment":[{"href":"https:\/\/www.europesays.com\/ee\/wp-json\/wp\/v2\/media?parent=264150"}],"wp:term":[{"taxonomy":"category","embeddable":true,"href":"https:\/\/www.europesays.com\/ee\/wp-json\/wp\/v2\/categories?post=264150"},{"taxonomy":"post_tag","embeddable":true,"href":"https:\/\/www.europesays.com\/ee\/wp-json\/wp\/v2\/tags?post=264150"}],"curies":[{"name":"wp","href":"https:\/\/api.w.org\/{rel}","templated":true}]}}