{"id":264154,"date":"2026-08-30T10:25:14","date_gmt":"2026-08-30T10:25:14","guid":{"rendered":"https:\/\/www.europesays.com\/ee\/264154\/"},"modified":"2026-08-30T10:25:14","modified_gmt":"2026-08-30T10:25:14","slug":"rainer-saks-%e2%9f%a9-kas-venemaa-toesti-rundab-taas-ukrainat-pohjast-et-jouda-kiievisse","status":"publish","type":"post","link":"https:\/\/www.europesays.com\/ee\/264154\/","title":{"rendered":"RAINER SAKS \u27e9 Kas Venemaa t\u00f5esti r\u00fcndab taas Ukrainat p\u00f5hjast, et j\u00f5uda Kiievisse?"},"content":{"rendered":"<p>Endise Ukraina kaitsev\u00e4e ohvitseri Palisa s\u00f5nul p\u00e4rineb see info Ukraina luureasutustelt, kuid seni ei ole n\u00e4ha mitte mingisugust tegevust v\u00e4gede koondamisest sellele suunale. \u00dchtlasi r\u00f5hutas Palisa, et Ukraina armee on v\u00e4lja t\u00f6\u00f6tanud vastuplaane sellise stsenaariumi jaoks. Kui Vene v\u00e4ejuhatus sooviks alustada uuesti sissetungi p\u00f5hja suunalt, nagu juba \u00fcle kahe aasta pidevalt meedias spekuleeritakse, oleks selleks vaja koondada uus v\u00e4egrupeering, milliseid reserve Vene v\u00e4ejuhatusel praegu olemas ei ole. See oleks v\u00f5imalik siis, kui mobilisatsiooniga suudetakse suurendada Vene armee koosseisu veel mitmesaja tuhande mehe v\u00f5rra. Teine v\u00f5imalus oleks l\u00f5petada r\u00fcndetegevused m\u00f5nel senisel suunal ja viia v\u00e4ed uueks pealetungiks p\u00f5hja suunda. K\u00f5ik need on h\u00fcpoteetilised variandid, mille ettevalmistamine v\u00f5taks aega mitu kuud ning mille tegelik realiseerumise t\u00f5en\u00e4osus on madal. Samasugune hinnang kehtib ka v\u00f5imaliku uue pealetungi stsenaariumi kohta Valgevene territooriumilt, millega kaasneksid veelgi suuremad poliitilised ja majanduslikud riskid kui uue pealetungi suuna avamisel Venemaa territooriumilt. Vene armeel ei ole Valgevene territooriumil suuremaid v\u00f5itlusv\u00f5imelisi \u00fcksusi, kuid see ei sega meediav\u00e4ljaannetel spekuleerimast viimastel p\u00e4evadel Venemaa v\u00f5imaliku r\u00fcnnakuga ka Leedu suunal.<\/p>\n","protected":false},"excerpt":{"rendered":"Endise Ukraina kaitsev\u00e4e ohvitseri Palisa s\u00f5nul p\u00e4rineb see info Ukraina luureasutustelt, kuid seni ei ole n\u00e4ha mitte mingisugust&hellip;\n","protected":false},"author":2,"featured_media":264155,"comment_status":"","ping_status":"","sticky":false,"template":"","format":"standard","meta":{"footnotes":"","_share_on_mastodon":"0"},"categories":[5],"tags":[587,5472,26,27,53184,37,33,35,34,36,31,32,21,1208,12354,28,29,115,49662,12750,19,25,1840,23,24,102629,262,22,20,2170,96,30],"class_list":["post-264154","post","type-post","status-publish","format-standard","has-post-thumbnail","category-uldised-uudised","tag-ameerika-uhendriigid","tag-belgorod","tag-breaking-news","tag-breakingnews","tag-butsa","tag-ee","tag-eesti","tag-eesti-keel","tag-estonia","tag-estonian","tag-featured-news","tag-featurednews","tag-headlines","tag-kiiev","tag-kursk","tag-latest-news","tag-latestnews","tag-leedu","tag-leningradi-oblast","tag-luure-keskagentuur-cia","tag-news","tag-populaarseimad-lood","tag-sumo","tag-top-stories","tag-topstories","tag-tsernihivi-oblast","tag-ukraina","tag-uldised-uudised","tag-uudised","tag-valgevene","tag-venemaa","tag-viimased-uudised"],"share_on_mastodon":{"url":"https:\/\/pubeurope.com\/@ee\/117183979490089808","error":""},"_links":{"self":[{"href":"https:\/\/www.europesays.com\/ee\/wp-json\/wp\/v2\/posts\/264154","targetHints":{"allow":["GET"]}}],"collection":[{"href":"https:\/\/www.europesays.com\/ee\/wp-json\/wp\/v2\/posts"}],"about":[{"href":"https:\/\/www.europesays.com\/ee\/wp-json\/wp\/v2\/types\/post"}],"author":[{"embeddable":true,"href":"https:\/\/www.europesays.com\/ee\/wp-json\/wp\/v2\/users\/2"}],"replies":[{"embeddable":true,"href":"https:\/\/www.europesays.com\/ee\/wp-json\/wp\/v2\/comments?post=264154"}],"version-history":[{"count":0,"href":"https:\/\/www.europesays.com\/ee\/wp-json\/wp\/v2\/posts\/264154\/revisions"}],"wp:featuredmedia":[{"embeddable":true,"href":"https:\/\/www.europesays.com\/ee\/wp-json\/wp\/v2\/media\/264155"}],"wp:attachment":[{"href":"https:\/\/www.europesays.com\/ee\/wp-json\/wp\/v2\/media?parent=264154"}],"wp:term":[{"taxonomy":"category","embeddable":true,"href":"https:\/\/www.europesays.com\/ee\/wp-json\/wp\/v2\/categories?post=264154"},{"taxonomy":"post_tag","embeddable":true,"href":"https:\/\/www.europesays.com\/ee\/wp-json\/wp\/v2\/tags?post=264154"}],"curies":[{"name":"wp","href":"https:\/\/api.w.org\/{rel}","templated":true}]}}