{"id":264170,"date":"2026-08-30T10:54:19","date_gmt":"2026-08-30T10:54:19","guid":{"rendered":"https:\/\/www.europesays.com\/ee\/264170\/"},"modified":"2026-08-30T10:54:19","modified_gmt":"2026-08-30T10:54:19","slug":"video-messi-pustitas-mls-is-isikliku-rekordi-ja-kerkis-tabeli-tippu-soccernet-ee","status":"publish","type":"post","link":"https:\/\/www.europesays.com\/ee\/264170\/","title":{"rendered":"Video: Messi p\u00fcstitas MLS-is isikliku rekordi ja kerkis tabeli tippu &#8211; Soccernet.ee"},"content":{"rendered":"<p><img decoding=\"async\" src=\"https:\/\/www.europesays.com\/ee\/wp-content\/uploads\/2026\/08\/1788077996.jpg\" alt=\"Lionel Messi s\u00e4rab j\u00e4tkuvalt. Foto: Scanpix \/ Rich Storry \/ Getty Images via AFP\"\/>&#13;\n<\/p>\n<p>Lionel Messi aitas uue peatreeneri saanud Miami Interi P\u00f5hja-Ameerika profiliigas MLS-is suure 7:1 v\u00f5iduni Montreali \u00fcle ja tegi midagi, millega ta ei olnud selles liigas varem hakkama saanud, l\u00fc\u00fces neli v\u00e4ravat.<\/p>\n<p>P\u00e4rast seda, kui Messi augusti alguses MM-finaalturniirilt koduklubisse naasis, oli Inter v\u00f5itnud seitsmest m\u00e4ngust vaid \u00fche. N\u00fc\u00fcd purustati Montreali meeskond aga veenvalt ning selles oli pearoll Messil, kes viis esmalt karistusl\u00f6\u00f6gist Interi avapoolaja l\u00f5pus 2:1 ette. Osa allikaid m\u00e4rkis tabamuse k\u00fcll Montreali \u00e4\u00e4rekaitsja Luca Petrasso omav\u00e4ravaks, ent Messi karistusl\u00f6\u00f6k, mille Petrasso \u00f5nnetult oma v\u00f5rku suunas, oli teel raamide vahele ning MLS-i koduleht andis v\u00e4rava Messile.&#13;\n<\/p>\n<p>Teise poolaja alguses tegi Messi esmalt seisuks 3:1 ning andis l\u00f5puminutitel esmalt s\u00f6\u00f6du Luis Suarezi tabamusele, lisades 83. ja 90+6. minutil enda saldosse kolmanda ja neljandagi tabamuse. Viimane v\u00e4rav s\u00fcndis seejuures taas Messi kaubam\u00e4rgiks saanud karistusl\u00f6\u00f6gist. Kolme aasta eest MLS-i kolinud Messi ei olnud nende s\u00e4rgis varem \u00fches m\u00e4ngus nelja v\u00e4ravat l\u00f6\u00f6nud, ent karj\u00e4\u00e4ri jooksul pole see talle enam midagi erilist, sest 39-aastase argentiinlase jaoks oli tegu \u00fcheksanda kohtumisega, kus ta on saanud kirja v\u00e4hemalt neli tabamust.&#13;\n<\/p>\n<p>Hooaja koguarvestuses t\u00f5usis Messi 18 v\u00e4rava peale ning m\u00f6\u00f6dus Dallase r\u00fcndajast Petar Musast. Horvaadil on kirjas 16 tabamust. Tiitlikaitsja Inter on idakonverentsis j\u00e4tkuvalt teisel kohal, vahepealse m\u00f5\u00f5na t\u00f5ttu on liidri Nashville&#8217;iga sisse lastud k\u00fcmnepunktiline vahe. \u00c4sja sai meeskond ka uue peatreeneri, ent Cristian &#8220;Kily&#8221; Gonzalez ootab veel t\u00f6\u00f6luba ja seni vastutab meeskonna k\u00e4ek\u00e4igu eest ajutine juhendaja Guillermo Hoyos.<\/p>\n<p>&#8220;Sellise jalgpalliilu kirjeldamiseks puuduvad lihtsalt s\u00f5nad,&#8221; p\u00fc\u00fcdis Hoyos siiski Messi \u00f5htut kuidagi kokku v\u00f5tta. &#8220;Ta otsib aina v\u00e4ravat, s\u00f6\u00f6tu, lahendust. Minu silmis ei ole ta tavaline jalgpallur. Kui hakata teda nii m\u00e4ngija kui ka inimesena anal\u00fc\u00fcsima, saavad s\u00f5nad otsa,&#8221; \u00fclistas Hoyos pikaaegset s\u00f5pra ja hoolealust.&#13;<\/p>\n","protected":false},"excerpt":{"rendered":"&#13; Lionel Messi aitas uue peatreeneri saanud Miami Interi P\u00f5hja-Ameerika profiliigas MLS-is suure 7:1 v\u00f5iduni Montreali \u00fcle ja&hellip;\n","protected":false},"author":2,"featured_media":264171,"comment_status":"","ping_status":"","sticky":false,"template":"","format":"standard","meta":{"footnotes":"","_share_on_mastodon":"0"},"categories":[18],"tags":[37,33,35,34,36,102636,1820,3767,9212,9156,3768,3766,84635,159,158],"class_list":["post-264170","post","type-post","status-publish","format-standard","has-post-thumbnail","category-sport","tag-ee","tag-eesti","tag-eesti-keel","tag-estonia","tag-estonian","tag-hoyos","tag-inter","tag-lionel-messi","tag-messi","tag-miami","tag-miami-inter","tag-mls","tag-musa","tag-sport","tag-sports"],"share_on_mastodon":{"url":"https:\/\/pubeurope.com\/@ee\/117184093902631911","error":""},"_links":{"self":[{"href":"https:\/\/www.europesays.com\/ee\/wp-json\/wp\/v2\/posts\/264170","targetHints":{"allow":["GET"]}}],"collection":[{"href":"https:\/\/www.europesays.com\/ee\/wp-json\/wp\/v2\/posts"}],"about":[{"href":"https:\/\/www.europesays.com\/ee\/wp-json\/wp\/v2\/types\/post"}],"author":[{"embeddable":true,"href":"https:\/\/www.europesays.com\/ee\/wp-json\/wp\/v2\/users\/2"}],"replies":[{"embeddable":true,"href":"https:\/\/www.europesays.com\/ee\/wp-json\/wp\/v2\/comments?post=264170"}],"version-history":[{"count":0,"href":"https:\/\/www.europesays.com\/ee\/wp-json\/wp\/v2\/posts\/264170\/revisions"}],"wp:featuredmedia":[{"embeddable":true,"href":"https:\/\/www.europesays.com\/ee\/wp-json\/wp\/v2\/media\/264171"}],"wp:attachment":[{"href":"https:\/\/www.europesays.com\/ee\/wp-json\/wp\/v2\/media?parent=264170"}],"wp:term":[{"taxonomy":"category","embeddable":true,"href":"https:\/\/www.europesays.com\/ee\/wp-json\/wp\/v2\/categories?post=264170"},{"taxonomy":"post_tag","embeddable":true,"href":"https:\/\/www.europesays.com\/ee\/wp-json\/wp\/v2\/tags?post=264170"}],"curies":[{"name":"wp","href":"https:\/\/api.w.org\/{rel}","templated":true}]}}