{"id":264182,"date":"2026-08-30T11:07:18","date_gmt":"2026-08-30T11:07:18","guid":{"rendered":"https:\/\/www.europesays.com\/ee\/264182\/"},"modified":"2026-08-30T11:07:18","modified_gmt":"2026-08-30T11:07:18","slug":"ule-250-paeva-merel-olnud-usa-lennukikandja-teeb-tais-peatuse","status":"publish","type":"post","link":"https:\/\/www.europesays.com\/ee\/264182\/","title":{"rendered":"\u00dcle 250 p\u00e4eva merel olnud USA lennukikandja teeb Tais peatuse"},"content":{"rendered":"<p>USA merev\u00e4e lennukikandja USS Abraham Lincoln teeb j\u00e4rgmisel n\u00e4dalal tagasiteel Ameerika \u00dchendriikidesse l\u00fchikese peatuse Tais, et laeva meeskond saaks puhata ja taastuda.<\/p>\n<p>Lennukikandja on olnud j\u00e4rjest merel enam kui 250 p\u00e4eva. Laeva pardal valitsevate tingimuste ja meeskonna halva enesetunde kohta on viimastel n\u00e4dalatel ilmunud mitmeid muret tekitavaid teateid.<\/p>\n","protected":false},"excerpt":{"rendered":"USA merev\u00e4e lennukikandja USS Abraham Lincoln teeb j\u00e4rgmisel n\u00e4dalal tagasiteel Ameerika \u00dchendriikidesse l\u00fchikese peatuse Tais, et laeva meeskond&hellip;\n","protected":false},"author":2,"featured_media":264183,"comment_status":"","ping_status":"","sticky":false,"template":"","format":"standard","meta":{"footnotes":"","_share_on_mastodon":"0"},"categories":[80],"tags":[26,27,102641,37,33,35,34,36,31,32,21,1925,4376,28,29,95,102643,102642,19,25,102639,9951,23,24,22,102640,20441,47338,20,30,92,93,94],"class_list":["post-264182","post","type-post","status-publish","format-standard","has-post-thumbnail","category-maailm","tag-breaking-news","tag-breakingnews","tag-demokraatlik-partei-senaatorid","tag-ee","tag-eesti","tag-eesti-keel","tag-estonia","tag-estonian","tag-featured-news","tag-featurednews","tag-headlines","tag-iraan","tag-lahis-ida","tag-latest-news","tag-latestnews","tag-maailm","tag-ms-now","tag-navy-times","tag-news","tag-populaarseimad-lood","tag-san-diego","tag-tai","tag-top-stories","tag-topstories","tag-uldised-uudised","tag-usa-lennukikandja","tag-usa-merevagi","tag-uss-abraham-lincoln","tag-uudised","tag-viimased-uudised","tag-world","tag-world-news","tag-worldnews"],"share_on_mastodon":{"url":"https:\/\/pubeurope.com\/@ee\/117184144535537204","error":""},"_links":{"self":[{"href":"https:\/\/www.europesays.com\/ee\/wp-json\/wp\/v2\/posts\/264182","targetHints":{"allow":["GET"]}}],"collection":[{"href":"https:\/\/www.europesays.com\/ee\/wp-json\/wp\/v2\/posts"}],"about":[{"href":"https:\/\/www.europesays.com\/ee\/wp-json\/wp\/v2\/types\/post"}],"author":[{"embeddable":true,"href":"https:\/\/www.europesays.com\/ee\/wp-json\/wp\/v2\/users\/2"}],"replies":[{"embeddable":true,"href":"https:\/\/www.europesays.com\/ee\/wp-json\/wp\/v2\/comments?post=264182"}],"version-history":[{"count":0,"href":"https:\/\/www.europesays.com\/ee\/wp-json\/wp\/v2\/posts\/264182\/revisions"}],"wp:featuredmedia":[{"embeddable":true,"href":"https:\/\/www.europesays.com\/ee\/wp-json\/wp\/v2\/media\/264183"}],"wp:attachment":[{"href":"https:\/\/www.europesays.com\/ee\/wp-json\/wp\/v2\/media?parent=264182"}],"wp:term":[{"taxonomy":"category","embeddable":true,"href":"https:\/\/www.europesays.com\/ee\/wp-json\/wp\/v2\/categories?post=264182"},{"taxonomy":"post_tag","embeddable":true,"href":"https:\/\/www.europesays.com\/ee\/wp-json\/wp\/v2\/tags?post=264182"}],"curies":[{"name":"wp","href":"https:\/\/api.w.org\/{rel}","templated":true}]}}