{"id":264186,"date":"2026-08-30T11:09:24","date_gmt":"2026-08-30T11:09:24","guid":{"rendered":"https:\/\/www.europesays.com\/ee\/264186\/"},"modified":"2026-08-30T11:09:24","modified_gmt":"2026-08-30T11:09:24","slug":"tervisekassa-sihib-2030-aastaks-eelarve-tasakaalu-palgakomponendi-uuendus-edasi-lukatud","status":"publish","type":"post","link":"https:\/\/www.europesays.com\/ee\/264186\/","title":{"rendered":"Tervisekassa sihib 2030. aastaks eelarve tasakaalu, palgakomponendi uuendus edasi l\u00fckatud"},"content":{"rendered":"<p class=\"text-muted-foreground text-[15px] leading-relaxed\">Eesti Tervisekassa kinnitas finantsplaani, mis sihib eelarve tasakaalu aastaks 2030, kuid l\u00fckkab tervishoiuteenuste hinnakomponendi palgaosa uuendamise \u00fcheksa kuu v\u00f5rra edasi, nihutades selle 2028. aasta algusesse.<\/p>\n<ul class=\"space-y-3 text-[15px] leading-relaxed\">\n<li class=\"flex gap-3\">\u2014Eesti Tervisekassa on heaks kiitnud finantsplaani, mille eesm\u00e4rk on saavutada eelarve tasakaal 2030. aastaks, prognoosides defitsiidi v\u00e4henemist j\u00e4rgmisel aastal ligi poole v\u00f5rra.<\/li>\n<li class=\"flex gap-3\">\u2014Plaan h\u00f5lmab reforme, mis keskenduvad digitaalsetele lahendustele, andmetele, tehisintellektile, e-konsultatsioonidele ning esmatasandi ja ennetust\u00f6\u00f6 tugevdamisele, et saavutada finantsiline j\u00e4tkusuutlikkus.<\/li>\n<li class=\"flex gap-3\">\u2014Eelarve tasakaalu poole p\u00fc\u00fceldes l\u00fckkab Tervisekassa tervishoiuteenuste hinnakomponendi palgaosa j\u00e4rgmise uuendamise \u00fcheksa kuu v\u00f5rra edasi, 1. aprillilt 2027. aastalt 1. jaanuarile 2028. aastal.<\/li>\n<li class=\"flex gap-3\">\u20142027. aasta eelarve prognoosib kulude kasvu ligikaudu 2,7 miljardi euroni, mis on 90 miljonit eurot rohkem kui praegusel aastal, kusjuures defitsiit peaks v\u00e4henema 90 miljonilt 44 miljonile eurole.<\/li>\n<\/ul>\n","protected":false},"excerpt":{"rendered":"Eesti Tervisekassa kinnitas finantsplaani, mis sihib eelarve tasakaalu aastaks 2030, kuid l\u00fckkab tervishoiuteenuste hinnakomponendi palgaosa uuendamise \u00fcheksa kuu&hellip;\n","protected":false},"author":2,"featured_media":264187,"comment_status":"","ping_status":"","sticky":false,"template":"","format":"standard","meta":{"footnotes":"","_share_on_mastodon":"0"},"categories":[5],"tags":[26,27,102645,37,1198,33,35,15863,34,36,31,32,34742,21,28,29,19,4603,25,22232,373,512,562,23,24,22,20,30],"class_list":["post-264186","post","type-post","status-publish","format-standard","has-post-thumbnail","category-uldised-uudised","tag-breaking-news","tag-breakingnews","tag-digitaalsed-lahendused","tag-ee","tag-eelarve","tag-eesti","tag-eesti-keel","tag-ennetus","tag-estonia","tag-estonian","tag-featured-news","tag-featurednews","tag-finantsjuhtimine","tag-headlines","tag-latest-news","tag-latestnews","tag-news","tag-palgad","tag-populaarseimad-lood","tag-reformid","tag-tehisintellekt","tag-tervisekassa","tag-tervishoid","tag-top-stories","tag-topstories","tag-uldised-uudised","tag-uudised","tag-viimased-uudised"],"share_on_mastodon":{"url":"https:\/\/pubeurope.com\/@ee\/117184152473395505","error":""},"_links":{"self":[{"href":"https:\/\/www.europesays.com\/ee\/wp-json\/wp\/v2\/posts\/264186","targetHints":{"allow":["GET"]}}],"collection":[{"href":"https:\/\/www.europesays.com\/ee\/wp-json\/wp\/v2\/posts"}],"about":[{"href":"https:\/\/www.europesays.com\/ee\/wp-json\/wp\/v2\/types\/post"}],"author":[{"embeddable":true,"href":"https:\/\/www.europesays.com\/ee\/wp-json\/wp\/v2\/users\/2"}],"replies":[{"embeddable":true,"href":"https:\/\/www.europesays.com\/ee\/wp-json\/wp\/v2\/comments?post=264186"}],"version-history":[{"count":0,"href":"https:\/\/www.europesays.com\/ee\/wp-json\/wp\/v2\/posts\/264186\/revisions"}],"wp:featuredmedia":[{"embeddable":true,"href":"https:\/\/www.europesays.com\/ee\/wp-json\/wp\/v2\/media\/264187"}],"wp:attachment":[{"href":"https:\/\/www.europesays.com\/ee\/wp-json\/wp\/v2\/media?parent=264186"}],"wp:term":[{"taxonomy":"category","embeddable":true,"href":"https:\/\/www.europesays.com\/ee\/wp-json\/wp\/v2\/categories?post=264186"},{"taxonomy":"post_tag","embeddable":true,"href":"https:\/\/www.europesays.com\/ee\/wp-json\/wp\/v2\/tags?post=264186"}],"curies":[{"name":"wp","href":"https:\/\/api.w.org\/{rel}","templated":true}]}}