{"id":264192,"date":"2026-08-30T11:27:27","date_gmt":"2026-08-30T11:27:27","guid":{"rendered":"https:\/\/www.europesays.com\/ee\/264192\/"},"modified":"2026-08-30T11:27:27","modified_gmt":"2026-08-30T11:27:27","slug":"viis-aastat-ootust-labi-tallinna-kalev-naaseb-lopuks-koduvaljakule-soccernet-ee","status":"publish","type":"post","link":"https:\/\/www.europesays.com\/ee\/264192\/","title":{"rendered":"Viis aastat ootust l\u00e4bi: Tallinna Kalev naaseb l\u00f5puks koduv\u00e4ljakule &#8211; Soccernet.ee"},"content":{"rendered":"<p><img decoding=\"async\" src=\"https:\/\/www.europesays.com\/ee\/wp-content\/uploads\/2026\/08\/1788081611.png\" alt=\"Kalev p\u00e4\u00e4seb tagasi kodusele kunstmurule. Foto: Emil H. A. Halttunen \/ JK Tallinna Kalev Facebook\"\/>&#13;\n<\/p>\n<p>Esiliigas m\u00e4ngiv Tallinna Kalev andis teada, et p\u00e4rast Kalevi staadioni kunstmurukatte kauaoodatud vahetust p\u00f6\u00f6rdutakse viieaastase pausi j\u00e4rel tagasi koduv\u00e4ljakule.<\/p>\n<p>&#8220;Esimene trenn uuel Kalevi kunstmurukattel on tehtud ning 5. septembril ootab ees esimene liigam\u00e4ng Kalevi kodustaadionil p\u00e4rast 2021. aastat.\u00a0Viimati m\u00e4ngisime siin 2021. aasta Premium liiga \u00fcleminekum\u00e4ngude raames Tartu Tammekaga, kui kohtumine l\u00f5ppes 0:0 viigiga,&#8221; teatas Kalev oma sotsmeedias.&#13;\n<\/p>\n<p>Alates 2022. aastast ei vastanud Kalevi kunstmuruv\u00e4ljaku kvaliteet enam Premium liiga n\u00f5uetele ning klubi esindusmeeskond pidas kodum\u00e4nge kas Lillek\u00fclas asuval Sportland Arenal v\u00f5i Kadrioru staadionil. Esialgu tahtnuks Kalev rajada kunstmuruv\u00e4ljaku kohale jalgpallihalli, ent see plaan takerdus mitmete probleemide t\u00f5ttu. Veel 2023. aastal <a href=\"https:\/\/soccernet.ee\/artikkel\/kus-on-kalevi-kodu-ehitusluba-oodatakse-kohtus-vaieldakse-kadriorus-ja-lillekulas-mangitakse\" target=\"_blank\" rel=\"nofollow noopener\">m\u00e4rkis toonane klubijuht Joel Lindpere<\/a>, et peamine takistus on kohtuvaidlus Eesti Spordiselts Kaleviga.&#13;\n<\/p>\n<p>Koju ei naastud ka siis, kui Kalevi keskstaadion l\u00e4bis v\u00e4\u00e4rika uuenduskuuri, vaid j\u00e4tkati m\u00e4ngudega Kadriorus. Vahepeal valmis kauaoodatud hall hoopis Mustam\u00e4e k\u00fclje all, ent Kalev n\u00e4gi seda algusest peale treeningkeskuse, mitte m\u00e4ngupaigana. Juba m\u00f5nda aega asub Staadioni t\u00e4naval ehk kunstmuruv\u00e4ljaku k\u00f5rval asuvas uues staadionihoones ka Kalevi kontor. Kuid et t\u00e4navu l\u00e4ks kapitaalremonti ka Kadrioru staadion, sundis v\u00e4ljakute nappus Kalevi esindusmeeskonda taas pidama seniseid kodum\u00e4nge Sportland Arenal, sellal kui Esiliiga B-s m\u00e4ngiv <a href=\"https:\/\/soccernet.ee\/artikkel\/kalevi-duubelmeeskond-kolib-tulevaks-hooajaks-juri-staadionile-klavan-vaga-palju-valikuid-ei-olnud\" target=\"_blank\" rel=\"nofollow noopener\">duubelv\u00f5istkond kolis kodum\u00e4ngud suisa<\/a> Tallinnast mitmek\u00fcmne kilomeetri kaugusele J\u00fcri staadionile.<\/p>\n<p>N\u00fc\u00fcd on k\u00f5ik mured aga seljatatud, amortiseerunud kunstmuru viimaks vahetatud ja Kalev valmis 5. septembril j\u00e4lle oma kodus m\u00e4ngima. Esiliiga tabelis praegu kuuendat kohta hoidvale Kalevile s\u00f5idab k\u00fclla tabelijuht, Premium liiga kursil liikuv Tartu Welco.&#13;\n<\/p>\n<blockquote class=\"instagram-media\" data-instgrm-captioned=\"\" data-instgrm-permalink=\"https:\/\/www.instagram.com\/p\/DcqKHEIDUK1\/?utm_source=ig_embed&amp;utm_campaign=loading\" data-instgrm-version=\"14\" style=\" background:#FFF; border:0; border-radius:3px; box-shadow:0 0 1px 0 rgba(0,0,0,0.5),0 1px 10px 0 rgba(0,0,0,0.15); margin: 1px; max-width:540px; min-width:326px; padding:0; width:99.375%; width:-webkit-calc(100% - 2px); width:calc(100% - 2px);\"><p>&#13;<br \/>\n&#13;\n<\/p><\/blockquote>\n<p>          <script async src=\"\/\/www.instagram.com\/embed.js\"><\/script><\/p>\n","protected":false},"excerpt":{"rendered":"&#13; Esiliigas m\u00e4ngiv Tallinna Kalev andis teada, et p\u00e4rast Kalevi staadioni kunstmurukatte kauaoodatud vahetust p\u00f6\u00f6rdutakse viieaastase pausi j\u00e4rel&hellip;\n","protected":false},"author":2,"featured_media":264193,"comment_status":"","ping_status":"","sticky":false,"template":"","format":"standard","meta":{"footnotes":"","_share_on_mastodon":"0"},"categories":[18],"tags":[37,33,35,1466,2463,34,36,1619,102647,102648,4641,159,158,1343],"class_list":["post-264192","post","type-post","status-publish","format-standard","has-post-thumbnail","category-sport","tag-ee","tag-eesti","tag-eesti-keel","tag-esiliiga","tag-esiliiga-b","tag-estonia","tag-estonian","tag-kalev","tag-kalevi-kunstmuru","tag-kalevi-staadion","tag-kunstmuru","tag-sport","tag-sports","tag-tallinna-kalev"],"share_on_mastodon":{"url":"https:\/\/pubeurope.com\/@ee\/117184223574326799","error":""},"_links":{"self":[{"href":"https:\/\/www.europesays.com\/ee\/wp-json\/wp\/v2\/posts\/264192","targetHints":{"allow":["GET"]}}],"collection":[{"href":"https:\/\/www.europesays.com\/ee\/wp-json\/wp\/v2\/posts"}],"about":[{"href":"https:\/\/www.europesays.com\/ee\/wp-json\/wp\/v2\/types\/post"}],"author":[{"embeddable":true,"href":"https:\/\/www.europesays.com\/ee\/wp-json\/wp\/v2\/users\/2"}],"replies":[{"embeddable":true,"href":"https:\/\/www.europesays.com\/ee\/wp-json\/wp\/v2\/comments?post=264192"}],"version-history":[{"count":0,"href":"https:\/\/www.europesays.com\/ee\/wp-json\/wp\/v2\/posts\/264192\/revisions"}],"wp:featuredmedia":[{"embeddable":true,"href":"https:\/\/www.europesays.com\/ee\/wp-json\/wp\/v2\/media\/264193"}],"wp:attachment":[{"href":"https:\/\/www.europesays.com\/ee\/wp-json\/wp\/v2\/media?parent=264192"}],"wp:term":[{"taxonomy":"category","embeddable":true,"href":"https:\/\/www.europesays.com\/ee\/wp-json\/wp\/v2\/categories?post=264192"},{"taxonomy":"post_tag","embeddable":true,"href":"https:\/\/www.europesays.com\/ee\/wp-json\/wp\/v2\/tags?post=264192"}],"curies":[{"name":"wp","href":"https:\/\/api.w.org\/{rel}","templated":true}]}}