{"id":264194,"date":"2026-08-30T11:31:26","date_gmt":"2026-08-30T11:31:26","guid":{"rendered":"https:\/\/www.europesays.com\/ee\/264194\/"},"modified":"2026-08-30T11:31:26","modified_gmt":"2026-08-30T11:31:26","slug":"tervisekassa-saavutab-eelarvetasakaalu-aastaks-2030-err","status":"publish","type":"post","link":"https:\/\/www.europesays.com\/ee\/264194\/","title":{"rendered":"Tervisekassa saavutab eelarvetasakaalu aastaks 2030 &#8211; ERR"},"content":{"rendered":"<ol>\n<li><a href=\"https:\/\/news.google.com\/rss\/articles\/CBMiiAFBVV95cUxNR3JqY0lfd1l5c1dWN3RZNmNiRWI4bmI2Y2Ywby03bVR4UXJFaDVsNm83eHRKMFBleC1KMzBJYUhqUV94Uk9vLUNwRlh2alBsT211cHE3Mmc2NWZDWnQ3SzVlUWpBcE5oOGFNV2FqbmlmbWJDMEtSdlhyVFNHakszNWNSMTJkUGND?oc=5\" target=\"_blank\" rel=\"nofollow noopener\">Tervisekassa saavutab eelarvetasakaalu aastaks 2030<\/a>&nbsp;&nbsp;ERR<\/li>\n<li><a href=\"https:\/\/news.google.com\/rss\/articles\/CBMiigFBVV95cUxOWmlEUlZCdlAzQjFtVEQxV1RQaWtxUE9fa3M1bWZISGZ3WE5NSHVNUlpiR0o5ZWI4NEZWMVBYbjQySnlZU0tUY3dvdHhqMGVKYU4tNnV5Wkw0ZE1mZDhYaHllVkpXUnV6WTFESjZBNVJreklXdHFLWnlBZEloY3VTNDlvUllWTHREQ2c?oc=5\" target=\"_blank\" rel=\"nofollow noopener\">\u201eTuleb langetada keerulisi otsuseid.\u201c Tervisekassa otsib puuduj\u00e4\u00e4gi katet palkade arvelt<\/a>&nbsp;&nbsp;\u00d5htuleht<\/li>\n<li><a href=\"https:\/\/news.google.com\/rss\/articles\/CBMimgFBVV95cUxQRFVib0VHckE2c0VJZXJ6Ym1PbHlEM01MMlJ1UTdxREhmTmxtSnBhSXgzQzNwZ1oyYnhfRDVhc2M5dmJjdUxrVnZkVFdxR3BPQmJCWHR6T3RCR1J4emxLMVpUNDY2QXFGQk5xd1RnUlIwWXRkRC14S1JXUmxfOEp5LW5ZMkNFQ0tUU1FMZG56MEJveHVuS0g4emZB?oc=5\" target=\"_blank\" rel=\"nofollow noopener\">Valitsuse prognoos peidab endas tervisekassa reformi<\/a>&nbsp;&nbsp;\u00c4rip\u00e4ev<\/li>\n<li><a href=\"https:\/\/news.google.com\/rss\/articles\/CBMiwwFBVV95cUxNNEc0NWFoaC1TZHRNczJnclU4Y1lCLWJLYWpza2h5QnYwbmYyVnh1YnIxUWFIM05fUmF5bGtfeVZuUmRNTzc4eThzLXRJZHdRNWdyM0J2X1RCeDU2ZUU2WklJV3hSa2ZRV05xUEQzQ3BGYkt5UVlWeEFVNXRMU3Q2M3RfNjBYWk9jVnFETFVCYW9XbmtZNUI0TjhiaklpS0cxRjhqdFJFNUk5QnpjOVBoM3JVcDZSRWlqXzB6OHFGZ1pvdGs?oc=5\" target=\"_blank\" rel=\"nofollow noopener\">Tervisekassa avalikustas eelarve p\u00e4\u00e4steplaani, kuid sellel on oma hind<\/a>&nbsp;&nbsp;Inbox.eu<\/li>\n<li><a href=\"https:\/\/news.google.com\/rss\/articles\/CBMirAFBVV95cUxPc0E1VHRJOU1NMjh2QWcwNWxVTmJIa19CMVdKSjJlNXpiWlRjMmJYU0NPcXVLZV9hclVSQUZFRVV1MEZxNTNLSWVIbVlSSzVMVngzWWxlUXItQzl3YnAxR3NLN3E5UFdIbDFqQ2FEXzhia2VjLUM1d3YxZks1Z0Z4WjFlV0FLOEZRek9iLU9kcTU0VVVfSElxcDFldEExTm1hMzJBNXRLRDM2eno3?oc=5\" target=\"_blank\" rel=\"nofollow noopener\">Tervisekassa sihib 2030. aastaks eelarve tasakaalu<\/a>&nbsp;&nbsp;V\u00f5rumaa Teataja<\/li>\n<\/ol>\n","protected":false},"excerpt":{"rendered":"Tervisekassa saavutab eelarvetasakaalu aastaks 2030&nbsp;&nbsp;ERR \u201eTuleb langetada keerulisi otsuseid.\u201c Tervisekassa otsib puuduj\u00e4\u00e4gi katet palkade arvelt&nbsp;&nbsp;\u00d5htuleht Valitsuse prognoos peidab&hellip;\n","protected":false},"author":2,"featured_media":264195,"comment_status":"","ping_status":"","sticky":false,"template":"","format":"standard","meta":{"footnotes":"","_share_on_mastodon":"0"},"categories":[5],"tags":[71,26,27,37,33,35,34,36,31,32,21,28,29,19,999,25,23,24,22,20,1084,30],"class_list":["post-264194","post","type-post","status-publish","format-standard","has-post-thumbnail","category-uldised-uudised","tag-arvamus","tag-breaking-news","tag-breakingnews","tag-ee","tag-eesti","tag-eesti-keel","tag-estonia","tag-estonian","tag-featured-news","tag-featurednews","tag-headlines","tag-latest-news","tag-latestnews","tag-news","tag-poliitika","tag-populaarseimad-lood","tag-top-stories","tag-topstories","tag-uldised-uudised","tag-uudised","tag-valismaa","tag-viimased-uudised"],"share_on_mastodon":{"url":"https:\/\/pubeurope.com\/@ee\/117184238957195529","error":""},"_links":{"self":[{"href":"https:\/\/www.europesays.com\/ee\/wp-json\/wp\/v2\/posts\/264194","targetHints":{"allow":["GET"]}}],"collection":[{"href":"https:\/\/www.europesays.com\/ee\/wp-json\/wp\/v2\/posts"}],"about":[{"href":"https:\/\/www.europesays.com\/ee\/wp-json\/wp\/v2\/types\/post"}],"author":[{"embeddable":true,"href":"https:\/\/www.europesays.com\/ee\/wp-json\/wp\/v2\/users\/2"}],"replies":[{"embeddable":true,"href":"https:\/\/www.europesays.com\/ee\/wp-json\/wp\/v2\/comments?post=264194"}],"version-history":[{"count":0,"href":"https:\/\/www.europesays.com\/ee\/wp-json\/wp\/v2\/posts\/264194\/revisions"}],"wp:featuredmedia":[{"embeddable":true,"href":"https:\/\/www.europesays.com\/ee\/wp-json\/wp\/v2\/media\/264195"}],"wp:attachment":[{"href":"https:\/\/www.europesays.com\/ee\/wp-json\/wp\/v2\/media?parent=264194"}],"wp:term":[{"taxonomy":"category","embeddable":true,"href":"https:\/\/www.europesays.com\/ee\/wp-json\/wp\/v2\/categories?post=264194"},{"taxonomy":"post_tag","embeddable":true,"href":"https:\/\/www.europesays.com\/ee\/wp-json\/wp\/v2\/tags?post=264194"}],"curies":[{"name":"wp","href":"https:\/\/api.w.org\/{rel}","templated":true}]}}