{"id":264200,"date":"2026-08-30T11:50:11","date_gmt":"2026-08-30T11:50:11","guid":{"rendered":"https:\/\/www.europesays.com\/ee\/264200\/"},"modified":"2026-08-30T11:50:11","modified_gmt":"2026-08-30T11:50:11","slug":"ungari-mees-varastas-vaikelennuki-ja-soitis-tuumajaama-keelutsooni-ohku-tousid-ka-havitajad","status":"publish","type":"post","link":"https:\/\/www.europesays.com\/ee\/264200\/","title":{"rendered":"Ungari mees varastas v\u00e4ikelennuki ja s\u00f5itis tuumajaama keelutsooni. \u00d5hku t\u00f5usid ka h\u00e4vitajad"},"content":{"rendered":"<p class=\"western\">Kalocsa linnast \u00f5hku t\u00f5usnud lennuk suundus seej\u00e4rel otse Paksi tuumajaama suunas ja sisenes ka sealsesse keelutsooni.<\/p>\n<p class=\"western\">Kaitseminister Romulusz Ruszin-Szendi s\u00f5nul tuvastasid juhtunu kohe ka Ungari relvaj\u00f5udude radarid ning kaks h\u00e4vituslennukit Gripen asus kaaperdajat j\u00e4litama. M\u00f5ne minuti p\u00e4rast otsustas mees teha h\u00e4damaandumise p\u00e4evalillede p\u00f5llul.<\/p>\n<p class=\"western\">Keegi viga ei saanud, kuid lennuki telik sai kahjustada. H\u00e4vituslennukid j\u00e4id lennukit vaatlema, kuni p\u00e4\u00e4stemeeskonnad helikopteri ja autodega kohale j\u00f5udsid.<\/p>\n<p class=\"western\">Ebaadekvaatselt k\u00e4itunud kaaperdaja palus abi s\u00fcndmuskohal viibinud autojuhilt ja \u00fcritas seej\u00e4rel tagaj\u00e4rjetult \u00e4randada ka seda s\u00f5idukit. Kohalesaabunud politsei pidas ta kinni. Hiljem tuvastati tal alkoholijoove.<\/p>\n<p>Kuidas see lugu Sind end tundma pani?Saada<a href=\"https:\/\/www.delfi.ee\/artikkel\/120607069\/ungari-mees-varastas-vaikelennuki-ja-soitis-tuumajaama-keelutsooni-ohku-tousid-ka-havitajad\/kommentaarid\" class=\"button button--primary button--size-auto article-body-bottom__comment article-body-bottom__comment--write\" style=\"\" rel=\"nofollow noopener\" target=\"_blank\">Kommenteeri<\/a><a href=\"https:\/\/www.delfi.ee\/artikkel\/120607069\/ungari-mees-varastas-vaikelennuki-ja-soitis-tuumajaama-keelutsooni-ohku-tousid-ka-havitajad\/kommentaarid\" class=\"button button--size-auto article-body-bottom__comment article-body-bottom__comment--read\" style=\"\" rel=\"nofollow noopener\" target=\"_blank\">Loe kommentaare (7)<\/a><\/p>\n","protected":false},"excerpt":{"rendered":"Kalocsa linnast \u00f5hku t\u00f5usnud lennuk suundus seej\u00e4rel otse Paksi tuumajaama suunas ja sisenes ka sealsesse keelutsooni. Kaitseminister Romulusz&hellip;\n","protected":false},"author":2,"featured_media":264201,"comment_status":"","ping_status":"","sticky":false,"template":"","format":"standard","meta":{"footnotes":"","_share_on_mastodon":"0"},"categories":[14],"tags":[131,130,102659,37,33,35,34,36,118],"class_list":["post-264200","post","type-post","status-publish","format-standard","has-post-thumbnail","category-ari","tag-ari","tag-business","tag-cessna","tag-ee","tag-eesti","tag-eesti-keel","tag-estonia","tag-estonian","tag-ungari"],"share_on_mastodon":{"url":"https:\/\/pubeurope.com\/@ee\/117184313673051548","error":""},"_links":{"self":[{"href":"https:\/\/www.europesays.com\/ee\/wp-json\/wp\/v2\/posts\/264200","targetHints":{"allow":["GET"]}}],"collection":[{"href":"https:\/\/www.europesays.com\/ee\/wp-json\/wp\/v2\/posts"}],"about":[{"href":"https:\/\/www.europesays.com\/ee\/wp-json\/wp\/v2\/types\/post"}],"author":[{"embeddable":true,"href":"https:\/\/www.europesays.com\/ee\/wp-json\/wp\/v2\/users\/2"}],"replies":[{"embeddable":true,"href":"https:\/\/www.europesays.com\/ee\/wp-json\/wp\/v2\/comments?post=264200"}],"version-history":[{"count":0,"href":"https:\/\/www.europesays.com\/ee\/wp-json\/wp\/v2\/posts\/264200\/revisions"}],"wp:featuredmedia":[{"embeddable":true,"href":"https:\/\/www.europesays.com\/ee\/wp-json\/wp\/v2\/media\/264201"}],"wp:attachment":[{"href":"https:\/\/www.europesays.com\/ee\/wp-json\/wp\/v2\/media?parent=264200"}],"wp:term":[{"taxonomy":"category","embeddable":true,"href":"https:\/\/www.europesays.com\/ee\/wp-json\/wp\/v2\/categories?post=264200"},{"taxonomy":"post_tag","embeddable":true,"href":"https:\/\/www.europesays.com\/ee\/wp-json\/wp\/v2\/tags?post=264200"}],"curies":[{"name":"wp","href":"https:\/\/api.w.org\/{rel}","templated":true}]}}